{"id":1512,"count":1,"description":"","link":"https:\/\/www.paranapraia.com.br\/index.php\/tag\/camara-municipal-promove-premiacao-do-concurso-de-redacao-e-inaugura-o-natal-iluminado-2025-no-dia-5-de-dezembro\/","name":"C\u00e2mara Municipal promove premia\u00e7\u00e3o do Concurso de Reda\u00e7\u00e3o e inaugura o Natal Iluminado 2025 no dia 5 de dezembro","slug":"camara-municipal-promove-premiacao-do-concurso-de-redacao-e-inaugura-o-natal-iluminado-2025-no-dia-5-de-dezembro","taxonomy":"post_tag","meta":[],"_links":{"self":[{"href":"https:\/\/www.paranapraia.com.br\/index.php\/wp-json\/wp\/v2\/tags\/1512"}],"collection":[{"href":"https:\/\/www.paranapraia.com.br\/index.php\/wp-json\/wp\/v2\/tags"}],"about":[{"href":"https:\/\/www.paranapraia.com.br\/index.php\/wp-json\/wp\/v2\/taxonomies\/post_tag"}],"wp:post_type":[{"href":"https:\/\/www.paranapraia.com.br\/index.php\/wp-json\/wp\/v2\/posts?tags=1512"}],"curies":[{"name":"wp","href":"https:\/\/api.w.org\/{rel}","templated":true}]}}