{"id":1471,"count":1,"description":"","link":"https:\/\/www.paranapraia.com.br\/index.php\/tag\/prefeito-adriano-ramos-e-vice-prefeita-fabiana-parro-participam-da-celebracao-de-posse-do-novo-bispo-de-paranagua\/","name":"Prefeito Adriano Ramos e vice-prefeita Fabiana Parro participam da celebra\u00e7\u00e3o de posse do novo bispo de Paranagu\u00e1","slug":"prefeito-adriano-ramos-e-vice-prefeita-fabiana-parro-participam-da-celebracao-de-posse-do-novo-bispo-de-paranagua","taxonomy":"post_tag","meta":[],"_links":{"self":[{"href":"https:\/\/www.paranapraia.com.br\/index.php\/wp-json\/wp\/v2\/tags\/1471"}],"collection":[{"href":"https:\/\/www.paranapraia.com.br\/index.php\/wp-json\/wp\/v2\/tags"}],"about":[{"href":"https:\/\/www.paranapraia.com.br\/index.php\/wp-json\/wp\/v2\/taxonomies\/post_tag"}],"wp:post_type":[{"href":"https:\/\/www.paranapraia.com.br\/index.php\/wp-json\/wp\/v2\/posts?tags=1471"}],"curies":[{"name":"wp","href":"https:\/\/api.w.org\/{rel}","templated":true}]}}