{"id":1458,"count":1,"description":"","link":"https:\/\/www.paranapraia.com.br\/index.php\/tag\/motorista-de-aplicativo-e-sequestrado-e-amarrado-em-arvore-apos-corrida-em-paranagua\/","name":"Motorista de aplicativo \u00e9 sequestrado e amarrado em \u00e1rvore ap\u00f3s corrida em Paranagu\u00e1","slug":"motorista-de-aplicativo-e-sequestrado-e-amarrado-em-arvore-apos-corrida-em-paranagua","taxonomy":"post_tag","meta":[],"_links":{"self":[{"href":"https:\/\/www.paranapraia.com.br\/index.php\/wp-json\/wp\/v2\/tags\/1458"}],"collection":[{"href":"https:\/\/www.paranapraia.com.br\/index.php\/wp-json\/wp\/v2\/tags"}],"about":[{"href":"https:\/\/www.paranapraia.com.br\/index.php\/wp-json\/wp\/v2\/taxonomies\/post_tag"}],"wp:post_type":[{"href":"https:\/\/www.paranapraia.com.br\/index.php\/wp-json\/wp\/v2\/posts?tags=1458"}],"curies":[{"name":"wp","href":"https:\/\/api.w.org\/{rel}","templated":true}]}}