{"id":1414,"count":1,"description":"","link":"https:\/\/www.paranapraia.com.br\/index.php\/tag\/13a-conferencia-municipal-de-saude-de-pontal-do-parana-debate-saude-como-direito-humano\/","name":"13\u00aa Confer\u00eancia Municipal de Sa\u00fade de Pontal do Paran\u00e1 debate sa\u00fade como direito humano","slug":"13a-conferencia-municipal-de-saude-de-pontal-do-parana-debate-saude-como-direito-humano","taxonomy":"post_tag","meta":[],"_links":{"self":[{"href":"https:\/\/www.paranapraia.com.br\/index.php\/wp-json\/wp\/v2\/tags\/1414"}],"collection":[{"href":"https:\/\/www.paranapraia.com.br\/index.php\/wp-json\/wp\/v2\/tags"}],"about":[{"href":"https:\/\/www.paranapraia.com.br\/index.php\/wp-json\/wp\/v2\/taxonomies\/post_tag"}],"wp:post_type":[{"href":"https:\/\/www.paranapraia.com.br\/index.php\/wp-json\/wp\/v2\/posts?tags=1414"}],"curies":[{"name":"wp","href":"https:\/\/api.w.org\/{rel}","templated":true}]}}