{"id":9622,"date":"2019-05-08T09:50:29","date_gmt":"2019-05-08T12:50:29","guid":{"rendered":"https:\/\/www.paranapraia.com.br\/?p=9622"},"modified":"2019-05-08T09:50:31","modified_gmt":"2019-05-08T12:50:31","slug":"eu-desci-do-carro-com-a-barra-de-ferro-na-mao-e-ja-dei-uma-na-cabeca-dela-diz-ex-marido","status":"publish","type":"post","link":"https:\/\/www.paranapraia.com.br\/index.php\/2019\/05\/08\/eu-desci-do-carro-com-a-barra-de-ferro-na-mao-e-ja-dei-uma-na-cabeca-dela-diz-ex-marido\/","title":{"rendered":"\u201cEu desci do carro com a barra de ferro na m\u00e3o e j\u00e1 dei uma na cabe\u00e7a dela\u201d, diz ex-marido"},"content":{"rendered":"\n<p>Alisson Ferraz Barbosa, de 29 anos, que foi preso em flagrante na noite de domingo (5) e autuado pela Pol\u00edcia Civil pelo crime de feminic\u00eddio que vitimou a jovem Elza Ribeiro Micharski, 22, em S\u00e3o Mateus do Sul, contou em depoimento ao delegado como espancou e atropelou a ex-mulher at\u00e9 a morte. O depoimento foi prestado logo ap\u00f3s o crime.<\/p>\n\n\n\n<p>No v\u00eddeo da oitiva, gravado \u00e0s 22h42 de domingo, ele disse que \u201cainda n\u00e3o sabia se ela [Elza] estava morta\u201d, mas, por outro lado, relatou com riqueza de detalhes quantos golpes desferiu contra a cabe\u00e7a da v\u00edtima e tamb\u00e9m que \u201cpassou sobre ela com o carro, engatou a r\u00e9 e passou de novo sobre o corpo\u201d.<\/p>\n\n\n\n<p>Ele come\u00e7ou o depoimento dizendo o nome completo, idade, disse que \u00e9 lavador de carros, morou em S\u00e3o Mateus do Sul a vida toda, que n\u00e3o tem filhos e que foi casado com a v\u00edtima por quase sete anos. O homem tamb\u00e9m relatou ao delegado que o casal havia se separado em setembro de 2018, mas, segundo ele, separava e voltava, e que &#8220;a separa\u00e7\u00e3o mesmo teria ocorrido em fevereiro deste ano\u201d.<\/p>\n\n\n\n<p>Respondendo aos questionamentos do delegado, Alisson disse que sabia que Elza havia registrado pelo menos tr\u00eas boletins de ocorr\u00eancia contra ele e que ela tinha medida protetiva contra ele. \u201cDuzentos metros eu n\u00e3o podia chegar perto dela\u201d, disse.<\/p>\n\n\n\n<p>No decorrer da oitiva, ele relatou que ap\u00f3s a separa\u00e7\u00e3o ficou na casa em que o casal morava e que a v\u00edtima foi morar com a m\u00e3e dela. \u201cMas, a gente ia e voltava\u201d, insistiu.<\/p>\n\n\n\n<p>A partir da\u00ed o delegado o questionou sobre o que aconteceu entre eles por volta de 19 horas de domingo. Alisson admitiu que tomou cerveja, mas afirmou que n\u00e3o estava embriagado quando tudo aconteceu. \u201cEu tentei reatar, mas ela passava com outro cara na minha frente e eu n\u00e3o aguentei\u201d, afirmou. \u201cEla tava no esqueminha (SIC)\u201d, acrescentou.<\/p>\n\n\n\n<p>O delegado voltou a perguntar como tudo aconteceu, e ele ent\u00e3o, sem nenhuma altera\u00e7\u00e3o contou:<\/p>\n\n\n\n<blockquote class=\"wp-block-quote is-layout-flow wp-block-quote-is-layout-flow\"><p>\u201cEu tenho um Celta de cor preta, eu passei pela Pra\u00e7a do Olho e vi ela com um cara do lado. Eu passei de carro, fiz o bal\u00e3o na pra\u00e7a e estacionei o carro, fiquei parado, olhando\u201d, relatou. \u201cA\u00ed, esse cara chegou mais perto dela&#8230; eu acelerei o carro, parei no meio da rua, o rapaz que estava com ela correu e eu desci com a barra de ferro na m\u00e3o e eu j\u00e1 dei uma na cabe\u00e7a dela e ela caiu&#8230; dei mais umas duas ou tr\u00eas (com a barra de ferro na cabe\u00e7a dela) &#8230; montei no carro e passei por cima, n\u00e3o sei se passei na cabe\u00e7a dela&#8230; dei r\u00e9 e passei por cima de novo e fui embora&#8230; n\u00e3o sei se est\u00e1 viva, se t\u00e1 morta\u201d, contou.<\/p><\/blockquote>\n\n\n\n<p>Mesmo afirmando n\u00e3o saber se Elza estava viva ou morta, o homem contou que depois disso, foi &#8220;pro meio do mato\u201d. \u201cFui l\u00e1 pro Faxinal (Faxinal dos Ilh\u00e9us, no interior de S\u00e3o Mateus do Sul)&#8221;.<\/p>\n\n\n\n<p>O delegado perguntou ent\u00e3o, se no fim do depoimento, Alisson estava sob efeito de \u00e1lcool e ele disse que n\u00e3o. \u201cN\u00e3o, n\u00e3o estou b\u00eabado, nem estava b\u00eabado antes, estava com um sentimento ruim&#8230;\u201d.<\/p>\n\n\n\n<p>O delegado perguntou se ele toma algum medicamento controlado ou se faz tratamento psiqui\u00e1trico. \u201cN\u00e3o, era pra tomar, mas eu n\u00e3o quis&#8230; eles iam marcar, mas n\u00e3o marcaram&#8230; eu n\u00e3o tenho condi\u00e7\u00e3o de pagar um tratamento, \u00e9 caro\u201d<\/p>\n\n\n\n<p>O delegado ent\u00e3o perguntou se o suspeito est\u00e1 arrependido do que fez, se est\u00e1 abalado e a resposta \u00e9: \u201cAgora no momento a gente fica meio perdido\u201d.<\/p>\n\n\n\n<p>Colabora\u00e7\u00e3o Pol\u00edcia Civil\/Stiven Souza\/Rede Massa<a href=\"https:\/\/api.whatsapp.com\/send?text=%27Eu%20desci%20com%20a%20barra%20de%20ferro%20na%20m%C3%A3o%20e%20j%C3%A1%20dei%20na%20cabe%C3%A7a%20dela%27%20https%3a%2f%2fmassanews.com%2fnoticias%2fplantao%2feu-desci-do-carro-com-a-barra-de-ferro-na-mao-e-ja-dei-uma-na-cabeca-dela-diz-ex-marido-lx5XM.html%3futm_source%3dwhatsapp%26utm_medium%3dshare%26utm_content%3dnoticias__plantao%26utm_campaign%3deu-desci-do-carro-com-a-barra-de-ferro-na-mao-e-ja-dei-uma-na-cabeca-dela-diz-ex-marido-lx5XM\" target=\"_blank\" rel=\"noreferrer noopener\"><br>\n\n<\/a><\/p>\n","protected":false},"excerpt":{"rendered":"<p>Alisson Ferraz Barbosa, de 29 anos, que foi preso em flagrante na noite de domingo (5) e autuado pela Pol\u00edcia Civil pelo crime de feminic\u00eddio que vitimou a jovem Elza Ribeiro Micharski, 22, em S\u00e3o Mateus do Sul, contou em depoimento ao delegado como espancou e atropelou a ex-mulher at\u00e9 a morte. O depoimento foi [&hellip;]<\/p>\n","protected":false},"author":2,"featured_media":9623,"comment_status":"open","ping_status":"open","sticky":false,"template":"","format":"standard","meta":{"advanced_seo_description":"","jetpack_seo_html_title":"","jetpack_seo_noindex":false,"_jetpack_memberships_contains_paid_content":false,"footnotes":""},"categories":[33],"tags":[],"class_list":{"0":"post-9622","1":"post","2":"type-post","3":"status-publish","4":"format-standard","5":"has-post-thumbnail","7":"category-policia"},"jetpack_featured_media_url":"https:\/\/www.paranapraia.com.br\/wp-content\/uploads\/2019\/05\/ali.jpg","jetpack_sharing_enabled":true,"_links":{"self":[{"href":"https:\/\/www.paranapraia.com.br\/index.php\/wp-json\/wp\/v2\/posts\/9622"}],"collection":[{"href":"https:\/\/www.paranapraia.com.br\/index.php\/wp-json\/wp\/v2\/posts"}],"about":[{"href":"https:\/\/www.paranapraia.com.br\/index.php\/wp-json\/wp\/v2\/types\/post"}],"author":[{"embeddable":true,"href":"https:\/\/www.paranapraia.com.br\/index.php\/wp-json\/wp\/v2\/users\/2"}],"replies":[{"embeddable":true,"href":"https:\/\/www.paranapraia.com.br\/index.php\/wp-json\/wp\/v2\/comments?post=9622"}],"version-history":[{"count":1,"href":"https:\/\/www.paranapraia.com.br\/index.php\/wp-json\/wp\/v2\/posts\/9622\/revisions"}],"predecessor-version":[{"id":9624,"href":"https:\/\/www.paranapraia.com.br\/index.php\/wp-json\/wp\/v2\/posts\/9622\/revisions\/9624"}],"wp:featuredmedia":[{"embeddable":true,"href":"https:\/\/www.paranapraia.com.br\/index.php\/wp-json\/wp\/v2\/media\/9623"}],"wp:attachment":[{"href":"https:\/\/www.paranapraia.com.br\/index.php\/wp-json\/wp\/v2\/media?parent=9622"}],"wp:term":[{"taxonomy":"category","embeddable":true,"href":"https:\/\/www.paranapraia.com.br\/index.php\/wp-json\/wp\/v2\/categories?post=9622"},{"taxonomy":"post_tag","embeddable":true,"href":"https:\/\/www.paranapraia.com.br\/index.php\/wp-json\/wp\/v2\/tags?post=9622"}],"curies":[{"name":"wp","href":"https:\/\/api.w.org\/{rel}","templated":true}]}}