{"id":9618,"date":"2019-05-08T09:44:38","date_gmt":"2019-05-08T12:44:38","guid":{"rendered":"https:\/\/www.paranapraia.com.br\/?p=9618"},"modified":"2019-05-08T09:44:53","modified_gmt":"2019-05-08T12:44:53","slug":"corpo-de-adolescente-desaparecida-e-encontrado-sem-roupas-em-matagal","status":"publish","type":"post","link":"https:\/\/www.paranapraia.com.br\/index.php\/2019\/05\/08\/corpo-de-adolescente-desaparecida-e-encontrado-sem-roupas-em-matagal\/","title":{"rendered":"Corpo de adolescente desaparecida \u00e9 encontrado sem roupas em matagal"},"content":{"rendered":"\n<p>O corpo de uma adolescente que estava desaparecida foi encontrado em um matagal, na tarde desta ter\u00e7a-feira (7), no Loteamento Monte Sinai, em Maring\u00e1. Catadores de recicl\u00e1veis que passaram pelo local encontraram a v\u00edtima.<\/p>\n\n\n\n<p>De acordo com a Pol\u00edcia Militar (PM), o corpo da jovem foi localizado sem roupas e tinha sinais de viol\u00eancia sexual. Os m\u00e9dicos do Samu afirmaram que a v\u00edtima tinha les\u00f5es em todo o corpo, mas alegaram que a causa da morte s\u00f3 pode ser feita pelo laudo do Instituto M\u00e9dico Legal (IML).<\/p>\n\n\n\n<p>A fam\u00edlia esteve no local e reconheceu Jeniffer Tavares, de 16 anos. A jovem estava desaparecida desde a manh\u00e3 de domingo (5), quando foi vista pela \u00faltima vez.&nbsp;<\/p>\n\n\n\n<p>O corpo da v\u00edtima foi recolhido pelo IML, que vai realizar uma per\u00edcia para confirmar os abusos e a causa da morte da adolescente. A Pol\u00edcia Civil investiga o crime.<\/p>\n\n\n\n<p>Colabora\u00e7\u00e3o Kelly Moraes e Andr\u00e9 Almenara\/Rede Massa<a href=\"https:\/\/api.whatsapp.com\/send?text=Corpo%20de%20adolescente%20desaparecida%20%C3%A9%20encontrado%20sem%20roupas%20em%20matagal%20https%3a%2f%2fmassanews.com%2fnoticias%2fplantao%2fcorpo-de-adolescente-desaparecida-e-encontrado-sem-roupas-em-matagal-ZXOoe.html%3futm_source%3dwhatsapp%26utm_medium%3dshare%26utm_content%3dnoticias__plantao%26utm_campaign%3dcorpo-de-adolescente-desaparecida-e-encontrado-sem-roupas-em-matagal-ZXOoe\" target=\"_blank\" rel=\"noreferrer noopener\"><br>\n\n<\/a><\/p>\n","protected":false},"excerpt":{"rendered":"<p>O corpo de uma adolescente que estava desaparecida foi encontrado em um matagal, na tarde desta ter\u00e7a-feira (7), no Loteamento Monte Sinai, em Maring\u00e1. Catadores de recicl\u00e1veis que passaram pelo local encontraram a v\u00edtima. De acordo com a Pol\u00edcia Militar (PM), o corpo da jovem foi localizado sem roupas e tinha sinais de viol\u00eancia sexual. [&hellip;]<\/p>\n","protected":false},"author":2,"featured_media":9619,"comment_status":"open","ping_status":"open","sticky":false,"template":"","format":"standard","meta":{"advanced_seo_description":"","jetpack_seo_html_title":"","jetpack_seo_noindex":false,"_jetpack_memberships_contains_paid_content":false,"footnotes":""},"categories":[33],"tags":[],"class_list":{"0":"post-9618","1":"post","2":"type-post","3":"status-publish","4":"format-standard","5":"has-post-thumbnail","7":"category-policia"},"jetpack_featured_media_url":"https:\/\/www.paranapraia.com.br\/wp-content\/uploads\/2019\/05\/mata.jpg","jetpack_sharing_enabled":true,"_links":{"self":[{"href":"https:\/\/www.paranapraia.com.br\/index.php\/wp-json\/wp\/v2\/posts\/9618"}],"collection":[{"href":"https:\/\/www.paranapraia.com.br\/index.php\/wp-json\/wp\/v2\/posts"}],"about":[{"href":"https:\/\/www.paranapraia.com.br\/index.php\/wp-json\/wp\/v2\/types\/post"}],"author":[{"embeddable":true,"href":"https:\/\/www.paranapraia.com.br\/index.php\/wp-json\/wp\/v2\/users\/2"}],"replies":[{"embeddable":true,"href":"https:\/\/www.paranapraia.com.br\/index.php\/wp-json\/wp\/v2\/comments?post=9618"}],"version-history":[{"count":1,"href":"https:\/\/www.paranapraia.com.br\/index.php\/wp-json\/wp\/v2\/posts\/9618\/revisions"}],"predecessor-version":[{"id":9620,"href":"https:\/\/www.paranapraia.com.br\/index.php\/wp-json\/wp\/v2\/posts\/9618\/revisions\/9620"}],"wp:featuredmedia":[{"embeddable":true,"href":"https:\/\/www.paranapraia.com.br\/index.php\/wp-json\/wp\/v2\/media\/9619"}],"wp:attachment":[{"href":"https:\/\/www.paranapraia.com.br\/index.php\/wp-json\/wp\/v2\/media?parent=9618"}],"wp:term":[{"taxonomy":"category","embeddable":true,"href":"https:\/\/www.paranapraia.com.br\/index.php\/wp-json\/wp\/v2\/categories?post=9618"},{"taxonomy":"post_tag","embeddable":true,"href":"https:\/\/www.paranapraia.com.br\/index.php\/wp-json\/wp\/v2\/tags?post=9618"}],"curies":[{"name":"wp","href":"https:\/\/api.w.org\/{rel}","templated":true}]}}