{"id":9559,"date":"2019-05-07T14:19:58","date_gmt":"2019-05-07T17:19:58","guid":{"rendered":"https:\/\/www.paranapraia.com.br\/?p=9559"},"modified":"2019-05-07T14:19:59","modified_gmt":"2019-05-07T17:19:59","slug":"cinco-dicas-para-melhorar-o-ambiente-de-trabalho","status":"publish","type":"post","link":"https:\/\/www.paranapraia.com.br\/index.php\/2019\/05\/07\/cinco-dicas-para-melhorar-o-ambiente-de-trabalho\/","title":{"rendered":"Cinco dicas para melhorar o ambiente de trabalho"},"content":{"rendered":"\n<p>Especialista explica como a forma de nos comunicar pode mudar as rela\u00e7\u00f5es, tornando-as mais cooperativas e produtivas<\/p>\n\n\n\n<p>O ambiente corporativo, muitas vezes, pode se tornar hostil. Isso ocorre principalmente devido a algumas press\u00f5es, como prazos a cumprir e a busca por resultados positivos. Mas o papel da comunica\u00e7\u00e3o nesse ambiente costuma ser subestimado.<\/p>\n\n\n\n<p>A especialista em Comunica\u00e7\u00e3o N\u00e3o Violenta (CNV), Renata Frank, explica que a linguagem adotada no dia a dia pode ter impacto direto na constru\u00e7\u00e3o de um local de trabalho que estimule o esfor\u00e7o coletivo para atingir as metas de produtividade. \u201cUma comunica\u00e7\u00e3o que emita menos julgamentos contribui para o entendimento e para a harmoniza\u00e7\u00e3o das suas necessidades com as necessidades do outro\u201d, explica a consultora, que apresentou a t\u00e9cnica da Comunica\u00e7\u00e3o N\u00e3o Violenta em workshop realizado para associados na C\u00e2mara Americana de Com\u00e9rcio (Amcham-Curitiba).<\/p>\n\n\n\n<p>Mas como aplicar essa t\u00e9cnica \u00e0 rotina de trabalho? Renata d\u00e1 algumas dicas:<\/p>\n\n\n\n<p>1 \u2013 Desenvolva a empatia.<\/p>\n\n\n\n<p>Segundo a especialista, \u201ca viol\u00eancia surge da cren\u00e7a de que a sua dor vem dos outros\u201d, o que cria uma vontade de \u201cpunir\u201d. Abandonar a viol\u00eancia em suas rela\u00e7\u00f5es passa por um maior conhecimento de como voc\u00ea se relaciona com seus sentimentos e como voc\u00ea os comunica \u00e0s pessoas. A partir da\u00ed, \u00e9 poss\u00edvel exercitar a empatia: conectar-se com os sentimentos do outro, um processo que faz parte da cura de suas pr\u00f3prias dores, como destaca a palestrante.<\/p>\n\n\n\n<p>2 \u2013 Seja transparente.<\/p>\n\n\n\n<p>N\u00e3o \u00e9 preciso fingir para se comunicar de forma menos violenta. Pense em todas as maneiras que voc\u00ea pode usar para deixar clara sua posi\u00e7\u00e3o sobre determinado tema sem necessariamente agredir algu\u00e9m com julgamentos. Ao emitir ju\u00edzos de valor, voc\u00ea corre o risco de distanciar a pessoa e deix\u00e1-la na defensiva, o que cria espa\u00e7o para o estresse e conflitos.<\/p>\n\n\n\n<p>3 \u2013 Use fatos, n\u00e3o julgamentos.<\/p>\n\n\n\n<p>Voc\u00ea pode dizer: \u201cvoc\u00ea fez um trabalho ruim\u201d. Mas se comunicaria de forma muito mais efetiva se substituir a frase por \u201cseu trabalho pode melhorar neste e naquele ponto\u201d, justificando os motivos. Se mostre disposto a encontrar as solu\u00e7\u00f5es de forma coletiva.<\/p>\n\n\n\n<p>4- Sem \u201cindiretas\u201d.<\/p>\n\n\n\n<p>Seja direto no que deseja. As \u201cindiretas\u201d no ambiente profissional contribuem para criar um clima de inseguran\u00e7a entre os colegas. Comunicando aos outros como voc\u00ea se sente, voc\u00ea abre espa\u00e7o para que todos fa\u00e7am o mesmo, o que cria um ambiente mais aberto \u00e0 discuss\u00e3o de novas ideias e solu\u00e7\u00f5es. Desta forma, as pessoas que trabalham ao seu redor se sentem mais motivadas a participar dos processos.<\/p>\n\n\n\n<p>5- Escute de verdade.<\/p>\n\n\n\n<p>N\u00e3o basta sorrir e acenar. Ou\u00e7a, pergunte, preste aten\u00e7\u00e3o \u00e0s necessidades e ideias que lhe s\u00e3o apresentadas. \u201cQuando entendemos as necessidades que motivam nosso comportamento e o comportamento dos outros, n\u00e3o temos mais inimigos. E assim conseguimos encontrar mais facilmente a solu\u00e7\u00e3o para os conflitos\u201d, explica Renata Frank.<\/p>\n\n\n\n<p>SEGS<\/p>\n","protected":false},"excerpt":{"rendered":"<p>Especialista explica como a forma de nos comunicar pode mudar as rela\u00e7\u00f5es, tornando-as mais cooperativas e produtivas O ambiente corporativo, muitas vezes, pode se tornar hostil. Isso ocorre principalmente devido a algumas press\u00f5es, como prazos a cumprir e a busca por resultados positivos. Mas o papel da comunica\u00e7\u00e3o nesse ambiente costuma ser subestimado. A especialista [&hellip;]<\/p>\n","protected":false},"author":2,"featured_media":9560,"comment_status":"open","ping_status":"open","sticky":false,"template":"","format":"standard","meta":{"advanced_seo_description":"","jetpack_seo_html_title":"","jetpack_seo_noindex":false,"_jetpack_memberships_contains_paid_content":false,"footnotes":""},"categories":[55],"tags":[],"class_list":{"0":"post-9559","1":"post","2":"type-post","3":"status-publish","4":"format-standard","5":"has-post-thumbnail","7":"category-curiosidades"},"jetpack_featured_media_url":"https:\/\/www.paranapraia.com.br\/wp-content\/uploads\/2019\/05\/saq.jpg","jetpack_sharing_enabled":true,"_links":{"self":[{"href":"https:\/\/www.paranapraia.com.br\/index.php\/wp-json\/wp\/v2\/posts\/9559"}],"collection":[{"href":"https:\/\/www.paranapraia.com.br\/index.php\/wp-json\/wp\/v2\/posts"}],"about":[{"href":"https:\/\/www.paranapraia.com.br\/index.php\/wp-json\/wp\/v2\/types\/post"}],"author":[{"embeddable":true,"href":"https:\/\/www.paranapraia.com.br\/index.php\/wp-json\/wp\/v2\/users\/2"}],"replies":[{"embeddable":true,"href":"https:\/\/www.paranapraia.com.br\/index.php\/wp-json\/wp\/v2\/comments?post=9559"}],"version-history":[{"count":1,"href":"https:\/\/www.paranapraia.com.br\/index.php\/wp-json\/wp\/v2\/posts\/9559\/revisions"}],"predecessor-version":[{"id":9561,"href":"https:\/\/www.paranapraia.com.br\/index.php\/wp-json\/wp\/v2\/posts\/9559\/revisions\/9561"}],"wp:featuredmedia":[{"embeddable":true,"href":"https:\/\/www.paranapraia.com.br\/index.php\/wp-json\/wp\/v2\/media\/9560"}],"wp:attachment":[{"href":"https:\/\/www.paranapraia.com.br\/index.php\/wp-json\/wp\/v2\/media?parent=9559"}],"wp:term":[{"taxonomy":"category","embeddable":true,"href":"https:\/\/www.paranapraia.com.br\/index.php\/wp-json\/wp\/v2\/categories?post=9559"},{"taxonomy":"post_tag","embeddable":true,"href":"https:\/\/www.paranapraia.com.br\/index.php\/wp-json\/wp\/v2\/tags?post=9559"}],"curies":[{"name":"wp","href":"https:\/\/api.w.org\/{rel}","templated":true}]}}