{"id":9556,"date":"2019-05-07T14:18:55","date_gmt":"2019-05-07T17:18:55","guid":{"rendered":"https:\/\/www.paranapraia.com.br\/?p=9556"},"modified":"2019-05-07T14:18:56","modified_gmt":"2019-05-07T17:18:56","slug":"apos-mais-de-cinco-anos-obras-da-copa-seguem-inacabadas-na-grande-curitiba","status":"publish","type":"post","link":"https:\/\/www.paranapraia.com.br\/index.php\/2019\/05\/07\/apos-mais-de-cinco-anos-obras-da-copa-seguem-inacabadas-na-grande-curitiba\/","title":{"rendered":"Ap\u00f3s mais de cinco anos, obras da Copa seguem inacabadas na Grande Curitiba"},"content":{"rendered":"\n<p> Merecia at\u00e9 um bolo de anivers\u00e1rio, isso se fosse realmente motivo para comemora\u00e7\u00e3o, j\u00e1 que \u00e9 algo que tem incomodado moradores h\u00e1 quase cinco anos.\u00a0Estamos falando, mais uma vez, das obras que ligam Curitiba a S\u00e3o Jos\u00e9 dos Pinhais,\u00a0na Regi\u00e3o Metropolitana de Curitiba (RMC), e que estavam\u00a0previstas para a Copa do Mundo de 2014, no Brasil, mas que n\u00e3o foram conclu\u00eddas nem para a Copa do Mundo de 2018, que aconteceu na R\u00fassia. <\/p>\n\n\n\n<p>A quest\u00e3o principal \u00e9 que falta muito pouco para que tudo seja conclu\u00eddo, mas j\u00e1 faz tanto tempo que os moradores at\u00e9 desistiram de esperar. O trecho em obras, que come\u00e7a ainda nos bairros Boqueir\u00e3o e Uberaba, em Curitiba, no limite com a RMC, afeta e muito o tr\u00e2nsito e tem deixado a popula\u00e7\u00e3o revoltada em ver tamanho descaso.<\/p>\n\n\n\n<p>\u201cO trecho da Avenida Salgado Filho continua parado, assim como as promessas. O status da obra continua no cronograma como \u2018P\u2019, s\u00f3 n\u00e3o sabemos de \u00e9 P de pendente ou de promessa\u201d, desabafou um morador, que pediu para n\u00e3o ser identificado por conhecer pessoas ligadas a uma das prefeituras envolvidas nas obras.<\/p>\n\n\n\n<p>Segundo ele, o trecho final das mudan\u00e7as, que passa ali pr\u00f3ximo ao Parque S\u00e3o Jos\u00e9, atrapalha principalmente os motoristas. \u201cFoi colocada placa de sinaliza\u00e7\u00e3o, mas se esse trecho j\u00e1 tivesse sido conclu\u00eddo, facilitaria e muito a vida de quem precisa ir e voltar na Avenida das Torres. Acontece \u00e9 que por aqui \u00e9 s\u00f3 promessa\u201d, completou o morador.<\/p>\n\n\n\n<p>Depois de muito esperar que as obras terminassem,\u00a0a popula\u00e7\u00e3o come\u00e7ou a acompanhar de perto o que tem sido feito. \u201cMas na verdade, n\u00e3o tem sido feito nada. Me lembro que no ano passado foi aberta uma nova licita\u00e7\u00e3o e a empresa que ganhou at\u00e9 colocou uma placa de que finalizaria a obra e que era uma miss\u00e3o, mas isso tamb\u00e9m n\u00e3o aconteceu porque parece que n\u00e3o recebeu o que precisava. O que chegou pra gente \u00e9 que falta menos de R$ 60 mil para terminarem. \u00c0s vezes d\u00e1 vontade de reunir a popula\u00e7\u00e3o e fazermos uma vaquinha para pagarmos e acabarmos com o problema de tanta gente\u201d.<\/p>\n\n\n\n<p>A falta de finaliza\u00e7\u00e3o tem feito, inclusive, que alguns motoristas se arrisquem e entrem onde n\u00e3o \u00e9 permitido. Enquanto a reportagem da&nbsp;<strong>Tribuna<\/strong>&nbsp;estava no trecho fazendo registros, pelo menos dois motociclistas foram flagrados trafegando por uma das partes bloqueadas.<\/p>\n\n\n\n<h3 class=\"wp-block-heading\">N\u00e3o para por a\u00ed!<\/h3>\n\n\n\n<figure class=\"wp-block-image\"><img decoding=\"async\" src=\"https:\/\/www.tribunapr.com.br\/cacadores-de-noticias\/wp-content\/uploads\/sites\/2\/2019\/05\/OBRAS-INACABADAS-SJP_FR-6.jpg\" alt=\"Foto: Felipe Rosa\/Tribuna do Paran\u00e1\" class=\"wp-image-28211\"\/><\/figure>\n\n\n\n<p>Foto: Felipe Rosa\/Tribuna do Paran\u00e1<\/p>\n\n\n\n<p>O problema \u00e9 ainda maior, se pensar que o trecho da Avenida Salgado Filho \u00e9 s\u00f3 o final (ou o come\u00e7o, dependendo do ponto de vista) do elefante branco que as duas prefeituras, de S\u00e3o Jos\u00e9 dos Pinhais e de Curitiba, ganharam. Isso porque mais a frente, j\u00e1 na RMC, duas obras ainda continuam paradas: a trincheira da Rua Arapongas e a conclus\u00e3o das obras do acesso ao aeroporto Afonso Pena.<\/p>\n\n\n\n<p>Para que a trincheira fosse feita, foi preciso desapropriar parte do terreno da Par\u00f3quia S\u00e3o Crist\u00f3v\u00e3o, que fica na Rua Arapongas, e tamb\u00e9m de um restaurante, que teve que sair do local. Segundo o padre Carlos, a obra da trincheira se tornou um grande empecilho. \u201cN\u00f3s estamos aqui amarrados, tiraram um peda\u00e7o da igreja. Estamos literalmente \u2018entrincheirados\u2019, porque isso aqui n\u00e3o vai nem para frente e nem para tr\u00e1s, estragaram a entrada do bairro e s\u00f3 nos trouxeram dor de cabe\u00e7a\u201d.<\/p>\n\n\n\n<figure class=\"wp-block-image\"><img decoding=\"async\" src=\"https:\/\/www.tribunapr.com.br\/cacadores-de-noticias\/wp-content\/uploads\/sites\/2\/2019\/05\/OBRAS-INACABADAS-SJP_FR-2.jpg\" alt=\"Foto: Felipe Rosa\/Tribuna do Paran\u00e1\" class=\"wp-image-28207\"\/><\/figure>\n\n\n\n<p>Foto: Felipe Rosa\/Tribuna do Paran\u00e1<\/p>\n\n\n\n<p>O padre comentou que a igreja vai ter que ser reconstru\u00edda, mas que para isso est\u00e1 esperando a obra ser finalizada. Al\u00e9m disso, mesmo com a reconstru\u00e7\u00e3o da igreja, n\u00e3o vai ser a mesma coisa. \u201cPorque n\u00e3o vamos ter uma parte da frente da igreja, pois n\u00e3o podemos deixar na Avenida das Torres e tamb\u00e9m n\u00e3o d\u00e1 para o acesso ser pela Rua Arapongas. Se pelo menos a trincheira estivesse funcionando, mas nem isso, a obra \u00e9 cheia de falhas e at\u00e9 infiltra\u00e7\u00e3o na trincheira j\u00e1 percebemos que existe\u201d.<\/p>\n\n\n\n<p>Conhecendo a popula\u00e7\u00e3o do entorno, o padre comentou que \u00e9 percept\u00edvel a revolta dos moradores. \u201cPorque essas obras prejudicaram uma comunidade toda, n\u00e3o s\u00f3 a igreja. Em frente t\u00ednhamos duas cantinas que foram fechadas, isso j\u00e1 mexeu na quest\u00e3o dos empregos tamb\u00e9m. Al\u00e9m disso, tem os moradores, que tamb\u00e9m foram prejudicados e se voc\u00ea perguntar, ningu\u00e9m est\u00e1 feliz com o que aconteceu aqui\u201d.<\/p>\n\n\n\n<h3 class=\"wp-block-heading\">Cart\u00e3o postal vergonhoso<\/h3>\n\n\n\n<figure class=\"wp-block-image\"><img decoding=\"async\" src=\"https:\/\/www.tribunapr.com.br\/cacadores-de-noticias\/wp-content\/uploads\/sites\/2\/2019\/05\/OBRAS-INACABADAS-SJP_FR-9.jpg\" alt=\"Acessos pra BR-376 e pro Aeroporto Afonso Pena mostram o descaso do poder p\u00fablico com a finaliza\u00e7\u00e3o das obras. Foto: Felipe Rosa\/Tribuna do Paran\u00e1\" class=\"wp-image-28213\"\/><\/figure>\n\n\n\n<p>Acessos pra BR-376 e pro Aeroporto Afonso Pena mostram o descaso do poder p\u00fablico com a finaliza\u00e7\u00e3o das obras. Foto: Felipe Rosa\/Tribuna do Paran\u00e1<\/p>\n\n\n\n<p>Todo mundo sabe que o final da Avenida das Torres, em S\u00e3o Jos\u00e9 dos Pinhais, tem dois tipos de acessos diferentes aos motoristas: a BR-376 (rumo a Santa Catarina) e o Aeroporto Afonso Pena. E \u00e9 ali que a imagem das duas cidades, tanto a da RMC como de Curitiba, j\u00e1 come\u00e7a a se queimar com todas as pessoas que chegam ou v\u00e3o embora do Paran\u00e1.<strong>+<\/strong><\/p>\n\n\n\n<p>Quem passa pela regi\u00e3o consegue ver o legado da Copa do Mundo de 2014 por aqui. Infelizmente, este legado, no acesso ao Aeroporto Afonso Pena, \u00e9 o mais puro reflexo do descaso, pois as obras tamb\u00e9m est\u00e3o paradas.<\/p>\n\n\n\n<p>A vis\u00e3o de quem chega ou vai embora pelo aeroporto \u00e9 de manilhas para bloquear a passagem dos ve\u00edculos, passagem de pedestres sem nenhuma ilumina\u00e7\u00e3o e tapumes. Mal sabem as pessoas que estes tapumes, alguns deles soltos e que quase caem nos carros que passam pela avenida, servem para esconder o que ficaria ainda mais feio: parte do que foi comprado para as obras que n\u00e3o aconteceram.<\/p>\n\n\n\n<h3 class=\"wp-block-heading\">O que diz o respons\u00e1vel?<\/h3>\n\n\n\n<figure class=\"wp-block-image\"><img decoding=\"async\" src=\"https:\/\/www.tribunapr.com.br\/cacadores-de-noticias\/wp-content\/uploads\/sites\/2\/2019\/05\/OBRAS-INACABADAS-SJP_FR-5.jpg\" alt=\"Foto: Felipe Rosa\/Tribuna do Paran\u00e1\" class=\"wp-image-28210\"\/><\/figure>\n\n\n\n<p>Trincheira est\u00e1 em obras h\u00e1 quase cinco anos e n\u00e3o tem data pra ser conclu\u00edda. Foto: Felipe Rosa\/Tribuna do Paran\u00e1<\/p>\n\n\n\n<p>A pergunta dos moradores \u00e9 a mesma e tamb\u00e9m acaba sendo a da&nbsp;<strong>Tribuna do Paran\u00e1<\/strong>: Cad\u00ea o governador, prefeitos de ambas as cidades e todos os respons\u00e1veis pelas obras para resolver a situa\u00e7\u00e3o? \u201cAfinal de contas, \u00e9 mais do que necess\u00e1rio colocar um ponto final nisso tudo, pois j\u00e1 s\u00e3o cinco anos. Se os representantes do povo anteriores roubaram, desviaram recursos, a popula\u00e7\u00e3o n\u00e3o merece sofrer com isso\u201d.<strong>+<\/strong><\/p>\n\n\n\n<p>No ano passado, a Coordena\u00e7\u00e3o da Regi\u00e3o Metropolitana de Curitiba (Comec), respons\u00e1vel pela obra, informou que a empresa contratada fez 70% do projeto, mas teve problemas para concluir.  a Comec disse que estas obras fazem parte de um contexto que ganhou corpo jur\u00eddico por conta da empresa respons\u00e1vel ter entrado em recupera\u00e7\u00e3o judicial, \u201co que impactou decisivamente na continuidade dos trabalhos\u201d, informou, em nota.<\/p>\n\n\n\n<p>Apesar disso, a Comec disse que a nova gest\u00e3o, com o comando do novo governador do Paran\u00e1, Ratinho Junior, retomou todas as tratativas com os envolvidos, \u201cao mesmo tempo que est\u00e1 sendo promovida toda a revis\u00e3o dos projetos das obras paralisadas e seus tr\u00e2mites burocr\u00e1ticos\u201d<\/p>\n\n\n\n<p>Sabendo das reclama\u00e7\u00f5es dos moradores, o \u00f3rg\u00e3o competente por terminar as obras, que se tornaram um verdadeiro problema, afirmou que tem um compromisso de finaliza\u00e7\u00e3o do projeto. Segundo a Comec, deve ser apresentado, nas pr\u00f3ximas semanas, um novo calend\u00e1rio para a retomada das obras.<\/p>\n\n\n\n<p>PRtribuna<\/p>\n","protected":false},"excerpt":{"rendered":"<p>Merecia at\u00e9 um bolo de anivers\u00e1rio, isso se fosse realmente motivo para comemora\u00e7\u00e3o, j\u00e1 que \u00e9 algo que tem incomodado moradores h\u00e1 quase cinco anos.\u00a0Estamos falando, mais uma vez, das obras que ligam Curitiba a S\u00e3o Jos\u00e9 dos Pinhais,\u00a0na Regi\u00e3o Metropolitana de Curitiba (RMC), e que estavam\u00a0previstas para a Copa do Mundo de 2014, no [&hellip;]<\/p>\n","protected":false},"author":2,"featured_media":9557,"comment_status":"open","ping_status":"open","sticky":false,"template":"","format":"standard","meta":{"advanced_seo_description":"","jetpack_seo_html_title":"","jetpack_seo_noindex":false,"_jetpack_memberships_contains_paid_content":false,"footnotes":""},"categories":[40],"tags":[],"class_list":{"0":"post-9556","1":"post","2":"type-post","3":"status-publish","4":"format-standard","5":"has-post-thumbnail","7":"category-destaques"},"jetpack_featured_media_url":"https:\/\/www.paranapraia.com.br\/wp-content\/uploads\/2019\/05\/OBRAS-INACABADAS-SJP_FR-4.jpg","jetpack_sharing_enabled":true,"_links":{"self":[{"href":"https:\/\/www.paranapraia.com.br\/index.php\/wp-json\/wp\/v2\/posts\/9556"}],"collection":[{"href":"https:\/\/www.paranapraia.com.br\/index.php\/wp-json\/wp\/v2\/posts"}],"about":[{"href":"https:\/\/www.paranapraia.com.br\/index.php\/wp-json\/wp\/v2\/types\/post"}],"author":[{"embeddable":true,"href":"https:\/\/www.paranapraia.com.br\/index.php\/wp-json\/wp\/v2\/users\/2"}],"replies":[{"embeddable":true,"href":"https:\/\/www.paranapraia.com.br\/index.php\/wp-json\/wp\/v2\/comments?post=9556"}],"version-history":[{"count":1,"href":"https:\/\/www.paranapraia.com.br\/index.php\/wp-json\/wp\/v2\/posts\/9556\/revisions"}],"predecessor-version":[{"id":9558,"href":"https:\/\/www.paranapraia.com.br\/index.php\/wp-json\/wp\/v2\/posts\/9556\/revisions\/9558"}],"wp:featuredmedia":[{"embeddable":true,"href":"https:\/\/www.paranapraia.com.br\/index.php\/wp-json\/wp\/v2\/media\/9557"}],"wp:attachment":[{"href":"https:\/\/www.paranapraia.com.br\/index.php\/wp-json\/wp\/v2\/media?parent=9556"}],"wp:term":[{"taxonomy":"category","embeddable":true,"href":"https:\/\/www.paranapraia.com.br\/index.php\/wp-json\/wp\/v2\/categories?post=9556"},{"taxonomy":"post_tag","embeddable":true,"href":"https:\/\/www.paranapraia.com.br\/index.php\/wp-json\/wp\/v2\/tags?post=9556"}],"curies":[{"name":"wp","href":"https:\/\/api.w.org\/{rel}","templated":true}]}}