{"id":9553,"date":"2019-05-07T14:16:31","date_gmt":"2019-05-07T17:16:31","guid":{"rendered":"https:\/\/www.paranapraia.com.br\/?p=9553"},"modified":"2019-05-07T14:16:32","modified_gmt":"2019-05-07T17:16:32","slug":"tinha-helicoptero-atirando-de-cima-professores-acalmam-alunos-com-musica-durante-operacao-que-matou-8-no-rj","status":"publish","type":"post","link":"https:\/\/www.paranapraia.com.br\/index.php\/2019\/05\/07\/tinha-helicoptero-atirando-de-cima-professores-acalmam-alunos-com-musica-durante-operacao-que-matou-8-no-rj\/","title":{"rendered":"&#8220;Tinha helic\u00f3ptero atirando de cima&#8221;: professores acalmam alunos com m\u00fasica durante opera\u00e7\u00e3o que matou 8 no RJ"},"content":{"rendered":"\n<p>Os sons de tiros e de helic\u00f3ptero encobriram aos poucos as notas tocadas em violoncelos por crian\u00e7as. Em poucos minutos, os alunos da escola municipal Medalhista Ol\u00edmpico Lukas Saatkamp, no Complexo da Mar\u00e9, na zona norte do Rio de Janeiro, estariam aglomerados no corredor, em busca de ref\u00fagio longe das janelas.<\/p>\n\n\n\n<p>Houve p\u00e2nico e mais de duas horas de correria, na manh\u00e3 de segunda-feira (6\/5), em mais uma opera\u00e7\u00e3o policial na Mar\u00e9.<\/p>\n\n\n\n<p>Para tentar distrair as crian\u00e7as, professores do projeto social Orquestra Mar\u00e9 do Amanh\u00e3 come\u00e7aram a tocar. Myllena Ros\u00e1rio, de 20 anos, tentava acalmar seus alunos de 9 a 12 anos sem conseguir, ela mesma, conter os pr\u00f3prios nervos. &#8220;Eu estava desesperada tamb\u00e9m&#8221;, conta Ros\u00e1rio, moradora da Mar\u00e9 e professora de violoncelo em um dos n\u00facleos.<\/p>\n\n\n\n<p>&#8220;Foi um horror. Porque al\u00e9m de ter caveir\u00f5es na rua, tinha helic\u00f3ptero atirando de cima. Era muita gente correndo l\u00e1 fora. N\u00e3o havia para onde ir, tivemos que ficar no corredor esperando o tempo passar, ouvindo o helic\u00f3ptero ir e voltar, as crian\u00e7as desesperadas&#8221;, diz ela, que mora perto da escola. &#8220;\u00c9 muito complicado o que a gente passa aqui. O aprendizado \u00e9 muito lento por causa dessas quest\u00f5es. Quando n\u00e3o \u00e9 falta de luz, falta de \u00e1gua, \u00e9 tiroteio&#8221;, desabafa.<\/p>\n\n\n\n<p>A opera\u00e7\u00e3o conduzida pela Coordenadoria de Recursos Especiais (Core), da Pol\u00edcia Civil, deixou oito mortos e tr\u00eas feridos, entre elas uma crian\u00e7a, de acordo com a ONG Redes da Mar\u00e9. Em uma pra\u00e7a, a entidade contou e marcou com tinta 20 marcas de tiros no ch\u00e3o, disparados de cima para baixo.<\/p>\n\n\n\n<p>BBC<\/p>\n","protected":false},"excerpt":{"rendered":"<p>Os sons de tiros e de helic\u00f3ptero encobriram aos poucos as notas tocadas em violoncelos por crian\u00e7as. Em poucos minutos, os alunos da escola municipal Medalhista Ol\u00edmpico Lukas Saatkamp, no Complexo da Mar\u00e9, na zona norte do Rio de Janeiro, estariam aglomerados no corredor, em busca de ref\u00fagio longe das janelas. Houve p\u00e2nico e mais [&hellip;]<\/p>\n","protected":false},"author":2,"featured_media":9554,"comment_status":"open","ping_status":"open","sticky":false,"template":"","format":"standard","meta":{"advanced_seo_description":"","jetpack_seo_html_title":"","jetpack_seo_noindex":false,"_jetpack_memberships_contains_paid_content":false,"footnotes":""},"categories":[1],"tags":[],"class_list":{"0":"post-9553","1":"post","2":"type-post","3":"status-publish","4":"format-standard","5":"has-post-thumbnail","7":"category-sem-categoria"},"jetpack_featured_media_url":"https:\/\/www.paranapraia.com.br\/wp-content\/uploads\/2019\/05\/orre.jpg","jetpack_sharing_enabled":true,"_links":{"self":[{"href":"https:\/\/www.paranapraia.com.br\/index.php\/wp-json\/wp\/v2\/posts\/9553"}],"collection":[{"href":"https:\/\/www.paranapraia.com.br\/index.php\/wp-json\/wp\/v2\/posts"}],"about":[{"href":"https:\/\/www.paranapraia.com.br\/index.php\/wp-json\/wp\/v2\/types\/post"}],"author":[{"embeddable":true,"href":"https:\/\/www.paranapraia.com.br\/index.php\/wp-json\/wp\/v2\/users\/2"}],"replies":[{"embeddable":true,"href":"https:\/\/www.paranapraia.com.br\/index.php\/wp-json\/wp\/v2\/comments?post=9553"}],"version-history":[{"count":1,"href":"https:\/\/www.paranapraia.com.br\/index.php\/wp-json\/wp\/v2\/posts\/9553\/revisions"}],"predecessor-version":[{"id":9555,"href":"https:\/\/www.paranapraia.com.br\/index.php\/wp-json\/wp\/v2\/posts\/9553\/revisions\/9555"}],"wp:featuredmedia":[{"embeddable":true,"href":"https:\/\/www.paranapraia.com.br\/index.php\/wp-json\/wp\/v2\/media\/9554"}],"wp:attachment":[{"href":"https:\/\/www.paranapraia.com.br\/index.php\/wp-json\/wp\/v2\/media?parent=9553"}],"wp:term":[{"taxonomy":"category","embeddable":true,"href":"https:\/\/www.paranapraia.com.br\/index.php\/wp-json\/wp\/v2\/categories?post=9553"},{"taxonomy":"post_tag","embeddable":true,"href":"https:\/\/www.paranapraia.com.br\/index.php\/wp-json\/wp\/v2\/tags?post=9553"}],"curies":[{"name":"wp","href":"https:\/\/api.w.org\/{rel}","templated":true}]}}