{"id":8984,"date":"2019-05-02T14:29:17","date_gmt":"2019-05-02T17:29:17","guid":{"rendered":"https:\/\/www.paranapraia.com.br\/?p=8984"},"modified":"2019-05-02T14:29:19","modified_gmt":"2019-05-02T17:29:19","slug":"existir-resistir-e-unir-os-desafios-do-movimento-sindical-em-tempos-de-bolsonaro","status":"publish","type":"post","link":"https:\/\/www.paranapraia.com.br\/index.php\/2019\/05\/02\/existir-resistir-e-unir-os-desafios-do-movimento-sindical-em-tempos-de-bolsonaro\/","title":{"rendered":"Existir, resistir e unir: os desafios do movimento sindical em tempos de Bolsonaro"},"content":{"rendered":"\n<h4 class=\"wp-block-heading\">Entidades buscam &#8220;ant\u00eddotos&#8221; para sobreviver aos ataques promovidos pelo Poder Executivo desde o governo Temer<\/h4>\n\n\n\n<p>A Proposta de Emenda Constitucional (PEC) n\u00ba 6\/2019, que estabelece as bases da reforma da\u00a0Previd\u00eancia desenhada pelo governo Bolsonaro (PSL), teve como resultado\u00a0a\u00a0unidade de todas as centrais sindicais nos atos realizados no 1\u00ba de Maio, Dia Internacional de Luta\u00a0dos\u00a0Trabalhadores e Trabalhadoras\u00a0\u2013 fen\u00f4meno in\u00e9dito na sociedade brasileira ap\u00f3s 1988. A unidade nas ruas tamb\u00e9m reflete um\u00a0desafio imposto a todas elas\u00a0desde o governo Michel Temer (MDB):\u00a0sobreviver aos ataques do Poder Executivo e\u00a0enfrentar os retrocessos no mundo do trabalho.<\/p>\n\n\n\n<p>Iniciado na virada do s\u00e9culo 19 para o 20, acompanhando a industrializa\u00e7\u00e3o do pa\u00eds, o sindicalismo atravessou diferentes fases pela hist\u00f3ria nacional \u2013 o anarcossindicalismo durante a Rep\u00fablica Velha, a era trabalhista, a resist\u00eancia \u00e0 ditadura militar e o &#8220;novo sindicalismo&#8221; durante a redemocratiza\u00e7\u00e3o. Como parte de suas conquistas, est\u00e3o&nbsp;direitos constitucionais, como o sal\u00e1rio m\u00ednimo, o 13\u00ba e&nbsp;as f\u00e9rias remuneradas.&nbsp;<\/p>\n\n\n\n<p>A s\u00e9rie de obst\u00e1culos que tem sido imposta&nbsp;\u00e0s entidades sindicais pode&nbsp;levar, a m\u00e9dio prazo, \u00e0 transi\u00e7\u00e3o para uma nova fase dessa trajet\u00f3ria. \u00c9 o que analisa Jo\u00e3o Guilherme de Vargas Netto, consultor de entidades sindicais de trabalhadores. Para ele, h\u00e1 \u201ctr\u00eas elementos negativos\u201d que atuam pressionando o sindicalismo: \u201cA&nbsp;recess\u00e3o [econ\u00f4mica], a &#8216;legisla\u00e7\u00e3o trabalhista&nbsp;celerada&#8217; [de Temer] e o bolsonarismo e suas medidas\u201d.&nbsp;<\/p>\n\n\n\n<p>A primeira, que levou \u00e0\u00a0eleva\u00e7\u00e3o da taxa de\u00a0desemprego para 12,7%, dificulta a capacidade dos sindicatos de\u00a0mobilizar suar bases para processos de enfrentamento em prol da amplia\u00e7\u00e3o ou manuten\u00e7\u00e3o de direitos. A reforma trabalhista de Temer enfraqueceu a representa\u00e7\u00e3o sindical, enquanto Jair\u00a0Bolsonaro,\u00a0por meio de Medidas Provis\u00f3rias (MPs), tem intensificado os ataques, tentando inviabilizar a pr\u00f3pria sustentabilidade financeira das entidades.\u00a0<\/p>\n\n\n\n<p>Editada durante o carnaval de 2019, a&nbsp;MP 873 \u00e9 considerada a mais grave. Os sindicatos j\u00e1&nbsp;haviam perdido a maior parte da receita depois que a contribui\u00e7\u00e3o sindical se tornou facultativa, a partir da Lei 13.467, de Temer.&nbsp;Agora, o governo pretende que as contribui\u00e7\u00f5es sejam pagas via boleto, em vez de desconto em folha. V\u00e1rias entidades j\u00e1 se manifestaram contra a medida, como o Minist\u00e9rio P\u00fablico do Trabalho (MPT) e a Ordem dos Advogados do Brasil (OAB). &nbsp;<\/p>\n\n\n\n<p>Para Vargas Netto, o \u201cant\u00eddoto para as agress\u00f5es atuais e futuras\u201d \u00e9 tornar cada vez mais a presen\u00e7a dos sindicatos um elemento palp\u00e1vel no cotidiano dos trabalhadores.<\/p>\n\n\n\n<p>\u201cVai ter que agrupar, reagrupar,&nbsp;e&nbsp;aplicar os tr\u00eas verbos: existir, resistir e unir.&nbsp;\u00c9 importante que a unidade conseguida nas c\u00fapulas [para o 1\u00ba de Maio] seja enraizada nas bases. O movimento sindical precisa ir ao local de trabalho,&nbsp;ter presen\u00e7a efetiva no dia a dia das empresas\u201d, avalia.&nbsp;<\/p>\n\n\n\n<p>Exemplo positivo<\/p>\n\n\n\n<p>O Sindicato dos Metal\u00fargicos de Sorocaba, em S\u00e3o Paulo, tem uma taxa de associa\u00e7\u00e3o de mais de 40% \u2013 a m\u00e9dia nacional \u00e9&nbsp;de 15%.&nbsp;A entidade tem assumido o desafio proposto pelo consultor e, por isso,&nbsp;busca atuar n\u00e3o s\u00f3 nos locais de trabalho, mas tamb\u00e9m junto \u00e0 comunidade.<\/p>\n\n\n\n<p>O secret\u00e1rio de organiza\u00e7\u00e3o da entidade, Izidio de Brito, entende que os &#8220;tr\u00eas elementos&#8221; que pressionam o sindicalismo&nbsp;apontados por Vargas Neto foram &#8220;planejados&#8221;&nbsp;para garantir um modelo de superexplora\u00e7\u00e3o&nbsp;da for\u00e7a de trabalho, marcado pela&nbsp;&#8220;diminui\u00e7\u00e3o de direitos e restri\u00e7\u00e3o das entidades que lutam por direitos&#8221;.<\/p>\n\n\n\n<p>Segundo Brito, a organiza\u00e7\u00e3o trabalha com o conceito de &#8220;Sindicato Cidad\u00e3o&#8221;&nbsp;h\u00e1 mais de duas d\u00e9cadas. Nesse sentido, o sindicato&nbsp;investe&nbsp;em \u00e1reas como alimenta\u00e7\u00e3o saud\u00e1vel, por meio da cria\u00e7\u00e3o de um banco de alimentos para serem&nbsp;distribu\u00eddos em outras entidades, al\u00e9m de apostar na pauta&nbsp;ambiental, com um projeto de coleta seletiva.&nbsp;<\/p>\n\n\n\n<p>\u201cO papel dos sindicatos extrapola a quest\u00e3o corporativa das categorias. Se n\u00e3o rumarmos para isso, n\u00e3o vamos representar mais ningu\u00e9m.&nbsp;N\u00f3s precisamos ter capacidade para falar com a nova realidade produtiva, com um novo perfil de trabalhadores\u201d, complementa&nbsp;Brito.&nbsp;<\/p>\n\n\n\n<p>Para ele, os desempregados exigem uma abordagem espec\u00edfica. Por isso, o&nbsp;sindicato promove cursos de qualifica\u00e7\u00e3o e requalifica\u00e7\u00e3o profissional, inclusive para pessoas que n\u00e3o pertencem \u00e0s suas bases formais.&nbsp;Brito entende, al\u00e9m disso, que o movimento sindical deve absorver demandas de setores espec\u00edficos da popula\u00e7\u00e3o, que &#8220;se cruzam&#8221; com a quest\u00e3o de classe.&nbsp;<\/p>\n\n\n\n<p>\u201cQuando n\u00f3s falamos de democracia, temos de falar das diferen\u00e7as. As mulheres&nbsp;sofrem no mercado de trabalho. Os negros tamb\u00e9m. As pessoas com defici\u00eancia sofrem.&nbsp;Eu vejo que isso tem muito avan\u00e7o em conven\u00e7\u00f5es coletivas, mas n\u00f3s precisamos falar mais e debater mais\u201d, conclui.&nbsp;<\/p>\n\n\n\n<p>A renova\u00e7\u00e3o geracional, sem perder a consci\u00eancia das conquistas do passado, \u00e9 outra f\u00f3rmula que tem dado certo. No sindicato sorocabano, tr\u00eas dos principais cargos \u2013 presidente, secret\u00e1rio-geral e tesoureiro \u2013 s\u00e3o ocupados por trabalhadores com menos de 40 anos.\u00a0<\/p>\n\n\n\n<p>BrasilDeFato<\/p>\n","protected":false},"excerpt":{"rendered":"<p>Entidades buscam &#8220;ant\u00eddotos&#8221; para sobreviver aos ataques promovidos pelo Poder Executivo desde o governo Temer A Proposta de Emenda Constitucional (PEC) n\u00ba 6\/2019, que estabelece as bases da reforma da\u00a0Previd\u00eancia desenhada pelo governo Bolsonaro (PSL), teve como resultado\u00a0a\u00a0unidade de todas as centrais sindicais nos atos realizados no 1\u00ba de Maio, Dia Internacional de Luta\u00a0dos\u00a0Trabalhadores e [&hellip;]<\/p>\n","protected":false},"author":2,"featured_media":8985,"comment_status":"open","ping_status":"open","sticky":false,"template":"","format":"standard","meta":{"advanced_seo_description":"","jetpack_seo_html_title":"","jetpack_seo_noindex":false,"_jetpack_memberships_contains_paid_content":false,"footnotes":""},"categories":[32],"tags":[],"class_list":{"0":"post-8984","1":"post","2":"type-post","3":"status-publish","4":"format-standard","5":"has-post-thumbnail","7":"category-politica"},"jetpack_featured_media_url":"https:\/\/www.paranapraia.com.br\/wp-content\/uploads\/2019\/05\/asd.jpg","jetpack_sharing_enabled":true,"_links":{"self":[{"href":"https:\/\/www.paranapraia.com.br\/index.php\/wp-json\/wp\/v2\/posts\/8984"}],"collection":[{"href":"https:\/\/www.paranapraia.com.br\/index.php\/wp-json\/wp\/v2\/posts"}],"about":[{"href":"https:\/\/www.paranapraia.com.br\/index.php\/wp-json\/wp\/v2\/types\/post"}],"author":[{"embeddable":true,"href":"https:\/\/www.paranapraia.com.br\/index.php\/wp-json\/wp\/v2\/users\/2"}],"replies":[{"embeddable":true,"href":"https:\/\/www.paranapraia.com.br\/index.php\/wp-json\/wp\/v2\/comments?post=8984"}],"version-history":[{"count":1,"href":"https:\/\/www.paranapraia.com.br\/index.php\/wp-json\/wp\/v2\/posts\/8984\/revisions"}],"predecessor-version":[{"id":8986,"href":"https:\/\/www.paranapraia.com.br\/index.php\/wp-json\/wp\/v2\/posts\/8984\/revisions\/8986"}],"wp:featuredmedia":[{"embeddable":true,"href":"https:\/\/www.paranapraia.com.br\/index.php\/wp-json\/wp\/v2\/media\/8985"}],"wp:attachment":[{"href":"https:\/\/www.paranapraia.com.br\/index.php\/wp-json\/wp\/v2\/media?parent=8984"}],"wp:term":[{"taxonomy":"category","embeddable":true,"href":"https:\/\/www.paranapraia.com.br\/index.php\/wp-json\/wp\/v2\/categories?post=8984"},{"taxonomy":"post_tag","embeddable":true,"href":"https:\/\/www.paranapraia.com.br\/index.php\/wp-json\/wp\/v2\/tags?post=8984"}],"curies":[{"name":"wp","href":"https:\/\/api.w.org\/{rel}","templated":true}]}}