{"id":8981,"date":"2019-05-02T14:27:24","date_gmt":"2019-05-02T17:27:24","guid":{"rendered":"https:\/\/www.paranapraia.com.br\/?p=8981"},"modified":"2019-05-02T14:27:26","modified_gmt":"2019-05-02T17:27:26","slug":"governo-retira-multa-de-caminhoneiro-que-aceitar-frete-abaixo-da-tabela","status":"publish","type":"post","link":"https:\/\/www.paranapraia.com.br\/index.php\/2019\/05\/02\/governo-retira-multa-de-caminhoneiro-que-aceitar-frete-abaixo-da-tabela\/","title":{"rendered":"Governo retira multa de caminhoneiro que aceitar frete abaixo da tabela"},"content":{"rendered":"\n<h4 class=\"wp-block-heading\">Fim das multas faz parte de acordo entre governo e caminhoneiros aut\u00f4nomos para evitar nova paralisa\u00e7\u00e3o nacional da categoria<\/h4>\n\n\n\n<p>A\u00a0Ag\u00eancia Nacional de Transportes Terrestres\u00a0(ANTT) alterou a resolu\u00e7\u00e3o sobre infra\u00e7\u00f5es a caminhoneiros, no \u00e2mbito da tabela de fretes, estabelecendo que a partir de agora nenhum aut\u00f4nomo pode ser multado caso esteja levando cargas por valor abaixo do piso m\u00ednimo estabelecido.<\/p>\n\n\n\n<p>A decis\u00e3o, tomada pela diretoria colegiada da autarquia na ter\u00e7a-feira, foi divulgada em comunicado nesta quinta-feira.<\/p>\n\n\n\n<p>\u201cA partir de hoje, nenhum aut\u00f4nomo pode ser multado caso esteja transportando cargas no valor abaixo do piso m\u00ednimo de frete estabelecido\u201d, afirmou na nota a superintendente de Servi\u00e7os de Transporte Rodovi\u00e1rio e Multimodal de Cargas (Suroc), Rosimeire de Freitas.<\/p>\n\n\n\n<p>Conforme a ANTT, foi verificada, junto \u00e0 \u00e1rea de fiscaliza\u00e7\u00e3o, a necessidade de revisar o artigo 3\u00ba-B da resolu\u00e7\u00e3o que trata das situa\u00e7\u00f5es que constituem infra\u00e7\u00f5es.<\/p>\n\n\n\n<p>\u201cUma vez que o desenho regulat\u00f3rio atual conduz \u00e0 desmotiva\u00e7\u00e3o por parte dos transportadores em realizar den\u00fancias, \u00e0 medida que lhes s\u00e3o aplicadas puni\u00e7\u00f5es id\u00eanticas \u00e0quelas aplicadas aos embarcadores, percebeu-se uma baixa efetividade na atividade de fiscaliza\u00e7\u00e3o. Em decorr\u00eancia dessa baixa efetividade, proveniente de fugas de rotas fiscalizadas e altera\u00e7\u00f5es de hor\u00e1rios de viagens, esta diretoria prop\u00f5e alterar a resolu\u00e7\u00e3o\u2026\u201d, destacou a ANTT em comunicado.<\/p>\n\n\n\n<p>O tabelamento de fretes foi institu\u00eddo pelo governo ap\u00f3s uma paralisa\u00e7\u00e3o hist\u00f3rica de caminhoneiros em maio do ano passado. A medida tinha por objetivo atender parte das demandas da categoria.<\/p>\n\n\n\n<p>A tabela dos pisos foi elaborada para cargas geral, a granel, frigorificada, perigosa e neogranel.<\/p>\n\n\n\n<p>Exame<\/p>\n","protected":false},"excerpt":{"rendered":"<p>Fim das multas faz parte de acordo entre governo e caminhoneiros aut\u00f4nomos para evitar nova paralisa\u00e7\u00e3o nacional da categoria A\u00a0Ag\u00eancia Nacional de Transportes Terrestres\u00a0(ANTT) alterou a resolu\u00e7\u00e3o sobre infra\u00e7\u00f5es a caminhoneiros, no \u00e2mbito da tabela de fretes, estabelecendo que a partir de agora nenhum aut\u00f4nomo pode ser multado caso esteja levando cargas por valor abaixo [&hellip;]<\/p>\n","protected":false},"author":2,"featured_media":8982,"comment_status":"open","ping_status":"open","sticky":false,"template":"","format":"standard","meta":{"advanced_seo_description":"","jetpack_seo_html_title":"","jetpack_seo_noindex":false,"_jetpack_memberships_contains_paid_content":false,"footnotes":""},"categories":[32],"tags":[],"class_list":{"0":"post-8981","1":"post","2":"type-post","3":"status-publish","4":"format-standard","5":"has-post-thumbnail","7":"category-politica"},"jetpack_featured_media_url":"https:\/\/www.paranapraia.com.br\/wp-content\/uploads\/2019\/05\/caminh\u00e3o.gif","jetpack_sharing_enabled":true,"_links":{"self":[{"href":"https:\/\/www.paranapraia.com.br\/index.php\/wp-json\/wp\/v2\/posts\/8981"}],"collection":[{"href":"https:\/\/www.paranapraia.com.br\/index.php\/wp-json\/wp\/v2\/posts"}],"about":[{"href":"https:\/\/www.paranapraia.com.br\/index.php\/wp-json\/wp\/v2\/types\/post"}],"author":[{"embeddable":true,"href":"https:\/\/www.paranapraia.com.br\/index.php\/wp-json\/wp\/v2\/users\/2"}],"replies":[{"embeddable":true,"href":"https:\/\/www.paranapraia.com.br\/index.php\/wp-json\/wp\/v2\/comments?post=8981"}],"version-history":[{"count":1,"href":"https:\/\/www.paranapraia.com.br\/index.php\/wp-json\/wp\/v2\/posts\/8981\/revisions"}],"predecessor-version":[{"id":8983,"href":"https:\/\/www.paranapraia.com.br\/index.php\/wp-json\/wp\/v2\/posts\/8981\/revisions\/8983"}],"wp:featuredmedia":[{"embeddable":true,"href":"https:\/\/www.paranapraia.com.br\/index.php\/wp-json\/wp\/v2\/media\/8982"}],"wp:attachment":[{"href":"https:\/\/www.paranapraia.com.br\/index.php\/wp-json\/wp\/v2\/media?parent=8981"}],"wp:term":[{"taxonomy":"category","embeddable":true,"href":"https:\/\/www.paranapraia.com.br\/index.php\/wp-json\/wp\/v2\/categories?post=8981"},{"taxonomy":"post_tag","embeddable":true,"href":"https:\/\/www.paranapraia.com.br\/index.php\/wp-json\/wp\/v2\/tags?post=8981"}],"curies":[{"name":"wp","href":"https:\/\/api.w.org\/{rel}","templated":true}]}}