{"id":8978,"date":"2019-05-02T14:08:24","date_gmt":"2019-05-02T17:08:24","guid":{"rendered":"https:\/\/www.paranapraia.com.br\/?p=8978"},"modified":"2019-05-02T14:08:25","modified_gmt":"2019-05-02T17:08:25","slug":"dupla-e-presa-apos-assaltar-pedagio-e-roubar-carro-que-passava-pelo-local","status":"publish","type":"post","link":"https:\/\/www.paranapraia.com.br\/index.php\/2019\/05\/02\/dupla-e-presa-apos-assaltar-pedagio-e-roubar-carro-que-passava-pelo-local\/","title":{"rendered":"Dupla \u00e9 presa ap\u00f3s assaltar ped\u00e1gio e roubar carro que passava pelo local"},"content":{"rendered":"\n<h4 class=\"wp-block-heading\">Guarda Municipal de Fazenda Rio Grande prendeu dois homens suspeitos de terem assaltado uma pra\u00e7a de ped\u00e1gio na BR-116<\/h4>\n\n\n\n<p>A Guarda Municipal de Fazenda Rio Grande, na Regi\u00e3o Metropolitana de Curitiba, prendeu dois homens na noite desta quarta-feira (1\u00ba.) suspeitos de terem assaltado uma pra\u00e7a de ped\u00e1gio na BR-116, na divisa com o munic\u00edpio de Mandirituba. Um adolescente que teria participado do crime tamb\u00e9m foi apreendido. Os suspeitos ainda roubaram um carro que passava pela pra\u00e7a para a fuga.<\/p>\n\n\n\n<p>De acordo com a Guarda, a den\u00fancia do assalto veio por um cliente do ped\u00e1gio, que conhecia um funcion\u00e1rio do \u00f3rg\u00e3o. Uma equipe que trabalha na \u00e1rea rural de Fazenda Rio Grande foi acionada e logo encontrou o ve\u00edculo roubado abandonado em uma estrada pr\u00f3xima \u00e0 rodovia. Logo depois, os suspeitos foram presos no bairro Jardim Veneza, dentro de uma \u00e1rea de mata.<\/p>\n\n\n\n<p>Os suspeitos foram levados \u00e0 delegacia de Fazenda Rio Grande. Junto com eles foram apreendidos um\u00a0 rev\u00f3lver calibre .38, uma pistola e dinheiro, sem valor contabilizado.<\/p>\n\n\n\n<p>TribunaPR<\/p>\n","protected":false},"excerpt":{"rendered":"<p>Guarda Municipal de Fazenda Rio Grande prendeu dois homens suspeitos de terem assaltado uma pra\u00e7a de ped\u00e1gio na BR-116 A Guarda Municipal de Fazenda Rio Grande, na Regi\u00e3o Metropolitana de Curitiba, prendeu dois homens na noite desta quarta-feira (1\u00ba.) suspeitos de terem assaltado uma pra\u00e7a de ped\u00e1gio na BR-116, na divisa com o munic\u00edpio de [&hellip;]<\/p>\n","protected":false},"author":2,"featured_media":8979,"comment_status":"open","ping_status":"open","sticky":false,"template":"","format":"standard","meta":{"advanced_seo_description":"","jetpack_seo_html_title":"","jetpack_seo_noindex":false,"_jetpack_memberships_contains_paid_content":false,"footnotes":""},"categories":[33],"tags":[],"class_list":{"0":"post-8978","1":"post","2":"type-post","3":"status-publish","4":"format-standard","5":"has-post-thumbnail","7":"category-policia"},"jetpack_featured_media_url":"https:\/\/www.paranapraia.com.br\/wp-content\/uploads\/2019\/05\/dinheiro-pedagio-assalto-gdm-araucaria-825x464.jpg","jetpack_sharing_enabled":true,"_links":{"self":[{"href":"https:\/\/www.paranapraia.com.br\/index.php\/wp-json\/wp\/v2\/posts\/8978"}],"collection":[{"href":"https:\/\/www.paranapraia.com.br\/index.php\/wp-json\/wp\/v2\/posts"}],"about":[{"href":"https:\/\/www.paranapraia.com.br\/index.php\/wp-json\/wp\/v2\/types\/post"}],"author":[{"embeddable":true,"href":"https:\/\/www.paranapraia.com.br\/index.php\/wp-json\/wp\/v2\/users\/2"}],"replies":[{"embeddable":true,"href":"https:\/\/www.paranapraia.com.br\/index.php\/wp-json\/wp\/v2\/comments?post=8978"}],"version-history":[{"count":1,"href":"https:\/\/www.paranapraia.com.br\/index.php\/wp-json\/wp\/v2\/posts\/8978\/revisions"}],"predecessor-version":[{"id":8980,"href":"https:\/\/www.paranapraia.com.br\/index.php\/wp-json\/wp\/v2\/posts\/8978\/revisions\/8980"}],"wp:featuredmedia":[{"embeddable":true,"href":"https:\/\/www.paranapraia.com.br\/index.php\/wp-json\/wp\/v2\/media\/8979"}],"wp:attachment":[{"href":"https:\/\/www.paranapraia.com.br\/index.php\/wp-json\/wp\/v2\/media?parent=8978"}],"wp:term":[{"taxonomy":"category","embeddable":true,"href":"https:\/\/www.paranapraia.com.br\/index.php\/wp-json\/wp\/v2\/categories?post=8978"},{"taxonomy":"post_tag","embeddable":true,"href":"https:\/\/www.paranapraia.com.br\/index.php\/wp-json\/wp\/v2\/tags?post=8978"}],"curies":[{"name":"wp","href":"https:\/\/api.w.org\/{rel}","templated":true}]}}