{"id":8972,"date":"2019-05-02T14:03:13","date_gmt":"2019-05-02T17:03:13","guid":{"rendered":"https:\/\/www.paranapraia.com.br\/?p=8972"},"modified":"2019-05-02T14:03:14","modified_gmt":"2019-05-02T17:03:14","slug":"mais-de-600-cientistas-pedem-que-ue-pressione-bolsonaro-contra-desmatamento-no-brasil","status":"publish","type":"post","link":"https:\/\/www.paranapraia.com.br\/index.php\/2019\/05\/02\/mais-de-600-cientistas-pedem-que-ue-pressione-bolsonaro-contra-desmatamento-no-brasil\/","title":{"rendered":"Mais de 600 cientistas pedem que UE pressione Bolsonaro contra desmatamento no Brasil"},"content":{"rendered":"\n<h4 class=\"wp-block-heading\">Os pesquisadores sugerem utilizar as negocia\u00e7\u00f5es comerciais para obrigar o Governo brasileiro a respeitar o medio ambiente<a href=\"https:\/\/brasil.elpais.com\/tag\/fecha\/20190430\"><abbr title=\"Brasilia Time\"><\/a><\/h4>\n\n\n\n<figure class=\"wp-block-image\"><img decoding=\"async\" src=\"https:\/\/ep01.epimg.net\/elpais\/imagenes\/2019\/04\/30\/ciencia\/1556651589_247797_1556651766_noticia_normal.jpg\" alt=\"Ind\u00edgena pula \u00e1rvore derrubada ilegalmente no Par\u00e1.\"\/><figcaption>Ind\u00edgena pula \u00e1rvore derrubada ilegalmente no Par\u00e1.&nbsp;MAURO PIMENTEL \/ AFP<\/figcaption><\/figure>\n\n\n\n<p>Um grupo a mais de 600 cientistas europeus e 300 organiza\u00e7\u00f5es ind\u00edgenas pediram \u00e0\u00a0Uni\u00e3o Europeia\u00a0que aproveite as atuais negocia\u00e7\u00f5es comerciais com o Brasil para pressionar o Governo de\u00a0Jair Bolsonaro\u00a0a respeitar o meio ambiente e os direitos humanos.<\/p>\n\n\n\n<p>A carta aberta, publicada em 25 de abril\u00a0na revista\u00a0<em>Science<\/em>, afirma que a UE gastou mais de 3 bilh\u00f5es de euros em ferro brasileiro em 2017, \u201capesar dos perigosos padr\u00f5es de seguran\u00e7a e do enorme desmatamento provocado pela minera\u00e7\u00e3o\u201d. S\u00f3 em 2011, segundo eles, a UE importou do Brasil quantidades de carne e alimento para gado associados a uma desfloresta\u00e7\u00e3o de mais de 1.000 quil\u00f4metros quadrados, uma superf\u00edcie \u201cequivalente a mais de 300 campos de futebol por dia\u201d.<\/p>\n\n\n\n<p>O ultradireitista Bolsonaro chegou \u00e0 Presid\u00eancia do Brasil proclamando que acabaria com \u201co ativismo ambiental\u201d e com a \u201cind\u00fastria de demarca\u00e7\u00e3o\u201d de terras ind\u00edgenas. Os 600 cientistas pedem \u00e0 UE que \u201caproveite esta oportunidade\u201d para derrubar as piores promessas do presidente brasileiro. J\u00e1 em outubro, Bolsonaro anunciou que n\u00e3o tiraria Brasil do Acordo de Paris contra a mudan\u00e7a clim\u00e1tica,\u00a0apesar de ter prometido que o faria. Abandonar o pacto ambiental implicaria perder certificados internacionais de qualidade essenciais para as exporta\u00e7\u00f5es de seu setor agr\u00edcola.<\/p>\n\n\n\n<p>\u201cA UE foi fundada sobre os princ\u00edpios do respeito aos direitos humanos e \u00e0 dignidade humana. Hoje, tem a oportunidade de ser l\u00edder mundial no apoio a estes princ\u00edpios e a um clima habit\u00e1vel, fazendo da sustentabilidade a pedra fundamental de suas negocia\u00e7\u00f5es comerciais com Brasil\u201d, assinalam os 600 cientistas, encabe\u00e7ados pela ecologista\u00a0Laura Kehoe, da Universidade de Oxford (Reino Unido).<\/p>\n\n\n\n<p>\u201cNeste exato momento, os consumidores europeus n\u00e3o t\u00eam como saber quanto sangue h\u00e1 realmente em seus hamb\u00fargueres\u201d, declarou Kehoe, uma jovem pesquisadora de p\u00f3s-doutorado que trabalhou em projetos ambientais na Bol\u00edvia, \u00c1frica do Sul, Guin\u00e9, Canad\u00e1 e M\u00e9xico. \u201cA UE gasta mais de 2.000 milh\u00f5es de euros a cada ano em alimento para o gado comprado no Brasil, apesar de n\u00e3o saber se prov\u00e9m de terras desmatadas\u201d, asseguram os cientistas e os ativistas ind\u00edgenas\u00a0no site\u00a0criado para difundir sua mensagem.<\/p>\n\n\n\n<p>A finlandesa Heidi Hautala, vice-presidenta do Parlamento Europeu e pol\u00edtica do Grupo da Verdes\/Alian\u00e7a Livre Europeia, respaldou publicamente o apelo dos pesquisadores. Os eurodeputados espanh\u00f3is Jordi Sol\u00e9, de Esquerra Republicana de Catalunha, e Florent Marcellesi, de Equo, tamb\u00e9m apoiaram o grupo.<\/p>\n\n\n\n<p>Em outra carta publicada\u00a0no portal cient\u00edfico The Conversation\u00a0, Kehoe chegou a assegurar que \u201co genoc\u00eddio \u00e9 uma possibilidade real se n\u00e3o se faz nada para proteger os povos ind\u00edgenas e suas terras\u201d.<\/p>\n\n\n\n<p>ElPa\u00eds<\/p>\n","protected":false},"excerpt":{"rendered":"<p>Os pesquisadores sugerem utilizar as negocia\u00e7\u00f5es comerciais para obrigar o Governo brasileiro a respeitar o medio ambiente Um grupo a mais de 600 cientistas europeus e 300 organiza\u00e7\u00f5es ind\u00edgenas pediram \u00e0\u00a0Uni\u00e3o Europeia\u00a0que aproveite as atuais negocia\u00e7\u00f5es comerciais com o Brasil para pressionar o Governo de\u00a0Jair Bolsonaro\u00a0a respeitar o meio ambiente e os direitos humanos. A [&hellip;]<\/p>\n","protected":false},"author":2,"featured_media":8973,"comment_status":"open","ping_status":"open","sticky":false,"template":"","format":"standard","meta":{"advanced_seo_description":"","jetpack_seo_html_title":"","jetpack_seo_noindex":false,"_jetpack_memberships_contains_paid_content":false,"footnotes":""},"categories":[1],"tags":[],"class_list":{"0":"post-8972","1":"post","2":"type-post","3":"status-publish","4":"format-standard","5":"has-post-thumbnail","7":"category-sem-categoria"},"jetpack_featured_media_url":"https:\/\/www.paranapraia.com.br\/wp-content\/uploads\/2019\/05\/indnio.jpg","jetpack_sharing_enabled":true,"_links":{"self":[{"href":"https:\/\/www.paranapraia.com.br\/index.php\/wp-json\/wp\/v2\/posts\/8972"}],"collection":[{"href":"https:\/\/www.paranapraia.com.br\/index.php\/wp-json\/wp\/v2\/posts"}],"about":[{"href":"https:\/\/www.paranapraia.com.br\/index.php\/wp-json\/wp\/v2\/types\/post"}],"author":[{"embeddable":true,"href":"https:\/\/www.paranapraia.com.br\/index.php\/wp-json\/wp\/v2\/users\/2"}],"replies":[{"embeddable":true,"href":"https:\/\/www.paranapraia.com.br\/index.php\/wp-json\/wp\/v2\/comments?post=8972"}],"version-history":[{"count":1,"href":"https:\/\/www.paranapraia.com.br\/index.php\/wp-json\/wp\/v2\/posts\/8972\/revisions"}],"predecessor-version":[{"id":8974,"href":"https:\/\/www.paranapraia.com.br\/index.php\/wp-json\/wp\/v2\/posts\/8972\/revisions\/8974"}],"wp:featuredmedia":[{"embeddable":true,"href":"https:\/\/www.paranapraia.com.br\/index.php\/wp-json\/wp\/v2\/media\/8973"}],"wp:attachment":[{"href":"https:\/\/www.paranapraia.com.br\/index.php\/wp-json\/wp\/v2\/media?parent=8972"}],"wp:term":[{"taxonomy":"category","embeddable":true,"href":"https:\/\/www.paranapraia.com.br\/index.php\/wp-json\/wp\/v2\/categories?post=8972"},{"taxonomy":"post_tag","embeddable":true,"href":"https:\/\/www.paranapraia.com.br\/index.php\/wp-json\/wp\/v2\/tags?post=8972"}],"curies":[{"name":"wp","href":"https:\/\/api.w.org\/{rel}","templated":true}]}}