{"id":8969,"date":"2019-05-02T14:01:08","date_gmt":"2019-05-02T17:01:08","guid":{"rendered":"https:\/\/www.paranapraia.com.br\/?p=8969"},"modified":"2019-05-02T14:01:09","modified_gmt":"2019-05-02T17:01:09","slug":"altos-niveis-de-estresse-podem-encolher-o-cerebro-e-afetar-a-memoria-2","status":"publish","type":"post","link":"https:\/\/www.paranapraia.com.br\/index.php\/2019\/05\/02\/altos-niveis-de-estresse-podem-encolher-o-cerebro-e-afetar-a-memoria-2\/","title":{"rendered":"Altos n\u00edveis de estresse podem encolher o c\u00e9rebro e afetar a mem\u00f3ria"},"content":{"rendered":"\n<h4 class=\"wp-block-heading\">Estudo com pessoas de meia idade sugere aten\u00e7\u00e3o com a rotina<br><\/h4>\n\n\n\n<p>\u00a0O cortisol, horm\u00f4nio ligado ao\u00a0estresse, pode ter seus n\u00edveis relacionados ao tamanho do c\u00e9rebro e \u00e0 diminui\u00e7\u00e3o das fun\u00e7\u00f5es cognitivas. Isso significa que pessoas mais estressadas tendem a apresentar redu\u00e7\u00e3o no volume do c\u00e9rebro e perda de\u00a0mem\u00f3ria. \u00c9 o que mostra um\u00a0estudo\u00a0publicado esta semana pela Academia Americana de\u00a0Neurologia.<\/p>\n\n\n\n<p>A equipe coletou dados cognitivos de 2.231 participantes entre 40 e 50 anos, que tiveram seus n\u00edveis de cortisol medidos pela manh\u00e3 antes de comer. No geral, as pessoas com n\u00edveis mais elevados de cortisol foram associadas a uma pior estrutura e cogni\u00e7\u00e3o do c\u00e9rebro.<\/p>\n\n\n\n<p>\u201cO cortisol afeta muitas fun\u00e7\u00f5es diferentes, por isso \u00e9 importante investigar completamente como os altos n\u00edveis do horm\u00f4nio podem afetar o c\u00e9rebro\u201d, disse em um comunicado Justin B. Echouffo-Tcheugui, professor da Escola de Medicina de Harvard e coautor do estudo. \u201cEnquanto outros estudos examinaram o cortisol e a mem\u00f3ria, acreditamos que o nosso \u00e9 o primeiro a explorar, em pessoas de meia-idade, n\u00edveis de cortisol e volume cerebral em jejum, bem como habilidades de mem\u00f3ria e pensamento\u201d, afirma.<\/p>\n\n\n\n<p>Exame<\/p>\n","protected":false},"excerpt":{"rendered":"<p>Estudo com pessoas de meia idade sugere aten\u00e7\u00e3o com a rotina \u00a0O cortisol, horm\u00f4nio ligado ao\u00a0estresse, pode ter seus n\u00edveis relacionados ao tamanho do c\u00e9rebro e \u00e0 diminui\u00e7\u00e3o das fun\u00e7\u00f5es cognitivas. Isso significa que pessoas mais estressadas tendem a apresentar redu\u00e7\u00e3o no volume do c\u00e9rebro e perda de\u00a0mem\u00f3ria. \u00c9 o que mostra um\u00a0estudo\u00a0publicado esta semana [&hellip;]<\/p>\n","protected":false},"author":2,"featured_media":8970,"comment_status":"open","ping_status":"open","sticky":false,"template":"","format":"standard","meta":{"advanced_seo_description":"","jetpack_seo_html_title":"","jetpack_seo_noindex":false,"_jetpack_memberships_contains_paid_content":false,"footnotes":""},"categories":[45],"tags":[],"class_list":{"0":"post-8969","1":"post","2":"type-post","3":"status-publish","4":"format-standard","5":"has-post-thumbnail","7":"category-qualidade-de-vida"},"jetpack_featured_media_url":"https:\/\/www.paranapraia.com.br\/wp-content\/uploads\/2019\/05\/cerebro.png","jetpack_sharing_enabled":true,"_links":{"self":[{"href":"https:\/\/www.paranapraia.com.br\/index.php\/wp-json\/wp\/v2\/posts\/8969"}],"collection":[{"href":"https:\/\/www.paranapraia.com.br\/index.php\/wp-json\/wp\/v2\/posts"}],"about":[{"href":"https:\/\/www.paranapraia.com.br\/index.php\/wp-json\/wp\/v2\/types\/post"}],"author":[{"embeddable":true,"href":"https:\/\/www.paranapraia.com.br\/index.php\/wp-json\/wp\/v2\/users\/2"}],"replies":[{"embeddable":true,"href":"https:\/\/www.paranapraia.com.br\/index.php\/wp-json\/wp\/v2\/comments?post=8969"}],"version-history":[{"count":1,"href":"https:\/\/www.paranapraia.com.br\/index.php\/wp-json\/wp\/v2\/posts\/8969\/revisions"}],"predecessor-version":[{"id":8971,"href":"https:\/\/www.paranapraia.com.br\/index.php\/wp-json\/wp\/v2\/posts\/8969\/revisions\/8971"}],"wp:featuredmedia":[{"embeddable":true,"href":"https:\/\/www.paranapraia.com.br\/index.php\/wp-json\/wp\/v2\/media\/8970"}],"wp:attachment":[{"href":"https:\/\/www.paranapraia.com.br\/index.php\/wp-json\/wp\/v2\/media?parent=8969"}],"wp:term":[{"taxonomy":"category","embeddable":true,"href":"https:\/\/www.paranapraia.com.br\/index.php\/wp-json\/wp\/v2\/categories?post=8969"},{"taxonomy":"post_tag","embeddable":true,"href":"https:\/\/www.paranapraia.com.br\/index.php\/wp-json\/wp\/v2\/tags?post=8969"}],"curies":[{"name":"wp","href":"https:\/\/api.w.org\/{rel}","templated":true}]}}