{"id":8966,"date":"2019-05-02T13:54:11","date_gmt":"2019-05-02T16:54:11","guid":{"rendered":"https:\/\/www.paranapraia.com.br\/?p=8966"},"modified":"2019-05-02T13:54:12","modified_gmt":"2019-05-02T16:54:12","slug":"ciencias-humanas-na-mira-de-bolsonaro-censura-e-perseguicao-diz-especialista","status":"publish","type":"post","link":"https:\/\/www.paranapraia.com.br\/index.php\/2019\/05\/02\/ciencias-humanas-na-mira-de-bolsonaro-censura-e-perseguicao-diz-especialista\/","title":{"rendered":"Ci\u00eancias humanas na mira de Bolsonaro: \u201cCensura e persegui\u00e7\u00e3o\u201d, diz especialista"},"content":{"rendered":"\n<h4 class=\"wp-block-heading\">Coordenadora da Campanha pelo Direito \u00e0 Educa\u00e7\u00e3o tacha como &#8220;absurdo&#8221; o corte de verbas baixo justificativa &#8220;ideol\u00f3gica&#8221;<\/h4>\n\n\n\n<p>Antes mesmo de se tornar presidente da Rep\u00fablica,\u00a0Jair Bolsonaro\u00a0j\u00e1 explicitava sua posi\u00e7\u00e3o contr\u00e1ria \u00e0s disciplinas das ci\u00eancias humanas que promovem a elabora\u00e7\u00e3o de\u00a0senso cr\u00edtico dentro das escolas e universidades.\u00a0<\/p>\n\n\n\n<p>Recentemente, o pol\u00edtico do PSL anunciou que\u00a0Abraham Weintraub, ministro da Educa\u00e7\u00e3o, pretende \u201cdescentralizar\u201d o investimento nas faculdades de filosofia e sociologia do pa\u00eds, para \u201cfocar em \u00e1reas que gerem retorno imediato, como: veterin\u00e1ria, engenharia e medicina\u201d.<\/p>\n\n\n\n<p>A declara\u00e7\u00e3o foi amplamente criticada por especialistas, associa\u00e7\u00f5es acad\u00eamicas, professores e estudantes. Abaixo-assinados que circulam na internet e nas redes sociais que&nbsp;repudiam o posicionamento do governo j\u00e1 contam com milhares de assinaturas.&nbsp;<\/p>\n\n\n\n<p>Ap\u00f3s a ampla repercuss\u00e3o negativa, o Minist\u00e9rio da Educa\u00e7\u00e3o recuou da decis\u00e3o de punir com bloqueio de recursos especificamente as universidades que, em sua vis\u00e3o, promovem \u201cbalb\u00fardia\u201d. O contingenciamento ser\u00e1 estendido a todas as universidades federais e incidir\u00e1 sobre a verba prevista para o segundo semestre.<\/p>\n\n\n\n<p>Em entrevista \u00e0\u00a0R\u00e1dio Brasil de Fato, Andressa Pellanda, coordenadora executiva da\u00a0Campanha Nacional pelo Direito \u00e0 Educa\u00e7\u00e3o, comenta as pol\u00edticas adotadas pelo governo Bolsonaro para a \u00e1rea.\u00a0<\/p>\n\n\n\n<p>\u201c\u00c9 absolutamente inconstitucional e um total absurdo um corte de verbas para as universidades por conta de uma quest\u00e3o que ele determina como ideol\u00f3gica, como \u2018balb\u00fardia\u2019\u201d, afirma Pellanda.&nbsp;<\/p>\n\n\n\n<p>Ela acrescenta que os posicionamentos adotados por Weintraub \u2013 que atacam os cursos de\u00a0filosofia e sociologia \u2013 violam o artigo 207 da Constitui\u00e7\u00e3o, que assegura que as universidades t\u00eam autonomia did\u00e1tico-cient\u00edfica, administrativa, de gest\u00e3o financeira e patrimonial. \u201c\u00c9 uma medida autorit\u00e1ria que fere a autonomia das universidades\u201d, destaca.\u00a0<\/p>\n\n\n\n<p>BrasilDeFato<\/p>\n","protected":false},"excerpt":{"rendered":"<p>Coordenadora da Campanha pelo Direito \u00e0 Educa\u00e7\u00e3o tacha como &#8220;absurdo&#8221; o corte de verbas baixo justificativa &#8220;ideol\u00f3gica&#8221; Antes mesmo de se tornar presidente da Rep\u00fablica,\u00a0Jair Bolsonaro\u00a0j\u00e1 explicitava sua posi\u00e7\u00e3o contr\u00e1ria \u00e0s disciplinas das ci\u00eancias humanas que promovem a elabora\u00e7\u00e3o de\u00a0senso cr\u00edtico dentro das escolas e universidades.\u00a0 Recentemente, o pol\u00edtico do PSL anunciou que\u00a0Abraham Weintraub, ministro [&hellip;]<\/p>\n","protected":false},"author":2,"featured_media":8967,"comment_status":"open","ping_status":"open","sticky":false,"template":"","format":"standard","meta":{"advanced_seo_description":"","jetpack_seo_html_title":"","jetpack_seo_noindex":false,"_jetpack_memberships_contains_paid_content":false,"footnotes":""},"categories":[32],"tags":[],"class_list":{"0":"post-8966","1":"post","2":"type-post","3":"status-publish","4":"format-standard","5":"has-post-thumbnail","7":"category-politica"},"jetpack_featured_media_url":"https:\/\/www.paranapraia.com.br\/wp-content\/uploads\/2019\/05\/dd.jpg","jetpack_sharing_enabled":true,"_links":{"self":[{"href":"https:\/\/www.paranapraia.com.br\/index.php\/wp-json\/wp\/v2\/posts\/8966"}],"collection":[{"href":"https:\/\/www.paranapraia.com.br\/index.php\/wp-json\/wp\/v2\/posts"}],"about":[{"href":"https:\/\/www.paranapraia.com.br\/index.php\/wp-json\/wp\/v2\/types\/post"}],"author":[{"embeddable":true,"href":"https:\/\/www.paranapraia.com.br\/index.php\/wp-json\/wp\/v2\/users\/2"}],"replies":[{"embeddable":true,"href":"https:\/\/www.paranapraia.com.br\/index.php\/wp-json\/wp\/v2\/comments?post=8966"}],"version-history":[{"count":1,"href":"https:\/\/www.paranapraia.com.br\/index.php\/wp-json\/wp\/v2\/posts\/8966\/revisions"}],"predecessor-version":[{"id":8968,"href":"https:\/\/www.paranapraia.com.br\/index.php\/wp-json\/wp\/v2\/posts\/8966\/revisions\/8968"}],"wp:featuredmedia":[{"embeddable":true,"href":"https:\/\/www.paranapraia.com.br\/index.php\/wp-json\/wp\/v2\/media\/8967"}],"wp:attachment":[{"href":"https:\/\/www.paranapraia.com.br\/index.php\/wp-json\/wp\/v2\/media?parent=8966"}],"wp:term":[{"taxonomy":"category","embeddable":true,"href":"https:\/\/www.paranapraia.com.br\/index.php\/wp-json\/wp\/v2\/categories?post=8966"},{"taxonomy":"post_tag","embeddable":true,"href":"https:\/\/www.paranapraia.com.br\/index.php\/wp-json\/wp\/v2\/tags?post=8966"}],"curies":[{"name":"wp","href":"https:\/\/api.w.org\/{rel}","templated":true}]}}