{"id":81913,"date":"2026-09-04T10:48:04","date_gmt":"2026-09-04T13:48:04","guid":{"rendered":"https:\/\/www.paranapraia.com.br\/?p=81913"},"modified":"2026-09-04T10:48:06","modified_gmt":"2026-09-04T13:48:06","slug":"guaraquecaba-apresenta-propostas-estrategicas-durante-oficina-do-parana-produtivo","status":"publish","type":"post","link":"https:\/\/www.paranapraia.com.br\/index.php\/2026\/09\/04\/guaraquecaba-apresenta-propostas-estrategicas-durante-oficina-do-parana-produtivo\/","title":{"rendered":"Guaraque\u00e7aba apresenta propostas estrat\u00e9gicas durante oficina do Paran\u00e1 Produtivo"},"content":{"rendered":"\n<p>Representantes da Prefeitura de Guaraque\u00e7aba participaram da 3\u00aa Oficina de Planejamento do Paran\u00e1 Produtivo \u2013 Regi\u00e3o 15 do Litoral, iniciativa promovida pela Secretaria de Estado do Planejamento do Paran\u00e1 (SEPL) com foco na constru\u00e7\u00e3o de a\u00e7\u00f5es para o desenvolvimento regional.<\/p>\n\n\n\n<p>O munic\u00edpio foi representado por Ivair Barbosa Colombes e Cristiane Barbosa Mendes. Durante o encontro, foram apresentadas demandas consideradas estrat\u00e9gicas para Guaraque\u00e7aba e para os demais munic\u00edpios do Litoral do Paran\u00e1.<\/p>\n\n\n\n<p>Entre as propostas debatidas est\u00e3o a execu\u00e7\u00e3o da PR-405, melhorias na estrutura do Hospital Regional do Litoral Lucy Requi\u00e3o, o desassoreamento do Canal do Varadouro e a cria\u00e7\u00e3o de um programa voltado \u00e0 regulariza\u00e7\u00e3o fundi\u00e1ria de pequenas propriedades rurais.<\/p>\n\n\n\n<p>A regulariza\u00e7\u00e3o das \u00e1reas \u00e9 apontada como uma medida importante para ampliar o acesso dos produtores a pol\u00edticas p\u00fablicas, incluindo linhas de financiamento do Programa Nacional de Fortalecimento da Agricultura Familiar (PRONAF) e iniciativas de Pagamento por Servi\u00e7os Ambientais (PSA).<\/p>\n\n\n\n<p>A participa\u00e7\u00e3o de Guaraque\u00e7aba na oficina busca garantir que as necessidades espec\u00edficas do munic\u00edpio estejam inseridas no planejamento regional, especialmente em \u00e1reas como infraestrutura, sa\u00fade, desenvolvimento rural e mobilidade.<\/p>\n\n\n\n<p>O Paran\u00e1 Produtivo re\u00fane representantes do poder p\u00fablico e de diferentes setores da sociedade para identificar prioridades e construir propostas capazes de orientar investimentos e pol\u00edticas p\u00fablicas nas diversas regi\u00f5es do Estado.<\/p>\n","protected":false},"excerpt":{"rendered":"<p>Representantes da Prefeitura de Guaraque\u00e7aba participaram da 3\u00aa Oficina de Planejamento do Paran\u00e1 Produtivo \u2013 Regi\u00e3o 15 do Litoral, iniciativa promovida pela Secretaria de Estado do Planejamento do Paran\u00e1 (SEPL) com foco na constru\u00e7\u00e3o de a\u00e7\u00f5es para o desenvolvimento regional. O munic\u00edpio foi representado por Ivair Barbosa Colombes e Cristiane Barbosa Mendes. Durante o encontro, [&hellip;]<\/p>\n","protected":false},"author":2,"featured_media":81915,"comment_status":"open","ping_status":"open","sticky":false,"template":"","format":"standard","meta":{"advanced_seo_description":"","jetpack_seo_html_title":"","jetpack_seo_noindex":false,"_jetpack_memberships_contains_paid_content":false,"footnotes":""},"categories":[87],"tags":[],"class_list":{"0":"post-81913","1":"post","2":"type-post","3":"status-publish","4":"format-standard","5":"has-post-thumbnail","7":"category-guaraquecaba"},"jetpack_featured_media_url":"https:\/\/www.paranapraia.com.br\/wp-content\/uploads\/2026\/09\/WhatsApp-Image-2026-09-04-at-10.47.08.jpeg","jetpack_sharing_enabled":true,"_links":{"self":[{"href":"https:\/\/www.paranapraia.com.br\/index.php\/wp-json\/wp\/v2\/posts\/81913"}],"collection":[{"href":"https:\/\/www.paranapraia.com.br\/index.php\/wp-json\/wp\/v2\/posts"}],"about":[{"href":"https:\/\/www.paranapraia.com.br\/index.php\/wp-json\/wp\/v2\/types\/post"}],"author":[{"embeddable":true,"href":"https:\/\/www.paranapraia.com.br\/index.php\/wp-json\/wp\/v2\/users\/2"}],"replies":[{"embeddable":true,"href":"https:\/\/www.paranapraia.com.br\/index.php\/wp-json\/wp\/v2\/comments?post=81913"}],"version-history":[{"count":1,"href":"https:\/\/www.paranapraia.com.br\/index.php\/wp-json\/wp\/v2\/posts\/81913\/revisions"}],"predecessor-version":[{"id":81916,"href":"https:\/\/www.paranapraia.com.br\/index.php\/wp-json\/wp\/v2\/posts\/81913\/revisions\/81916"}],"wp:featuredmedia":[{"embeddable":true,"href":"https:\/\/www.paranapraia.com.br\/index.php\/wp-json\/wp\/v2\/media\/81915"}],"wp:attachment":[{"href":"https:\/\/www.paranapraia.com.br\/index.php\/wp-json\/wp\/v2\/media?parent=81913"}],"wp:term":[{"taxonomy":"category","embeddable":true,"href":"https:\/\/www.paranapraia.com.br\/index.php\/wp-json\/wp\/v2\/categories?post=81913"},{"taxonomy":"post_tag","embeddable":true,"href":"https:\/\/www.paranapraia.com.br\/index.php\/wp-json\/wp\/v2\/tags?post=81913"}],"curies":[{"name":"wp","href":"https:\/\/api.w.org\/{rel}","templated":true}]}}