{"id":81910,"date":"2026-09-04T10:43:09","date_gmt":"2026-09-04T13:43:09","guid":{"rendered":"https:\/\/www.paranapraia.com.br\/?p=81910"},"modified":"2026-09-04T10:43:11","modified_gmt":"2026-09-04T13:43:11","slug":"guaratuba-participa-de-evento-internacional-da-pesca-e-fortalece-dialogo-em-defesa-do-setor-pesqueiro","status":"publish","type":"post","link":"https:\/\/www.paranapraia.com.br\/index.php\/2026\/09\/04\/guaratuba-participa-de-evento-internacional-da-pesca-e-fortalece-dialogo-em-defesa-do-setor-pesqueiro\/","title":{"rendered":"Guaratuba participa de evento internacional da pesca e fortalece di\u00e1logo em defesa do setor pesqueiro"},"content":{"rendered":"\n<p>A Prefeitura de Guaratuba, por meio da Secretaria Municipal da Pesca, participou, nos dias 2 e 3 de setembro, em Foz do Igua\u00e7u, do IFC \u2013 International Fish Congress &amp; Fish Expo, evento que re\u00fane representantes, especialistas, autoridades e profissionais ligados \u00e0 pesca e \u00e0 aquicultura.<\/p>\n\n\n\n<p>A programa\u00e7\u00e3o foi marcada por debates, troca de experi\u00eancias e discuss\u00f5es sobre os desafios e as oportunidades para o desenvolvimento do setor. A Secretaria Municipal da Pesca tamb\u00e9m participou do Encontro Estadual de Pescadores, ampliando o di\u00e1logo com representantes da categoria, lideran\u00e7as e autoridades p\u00fablicas.<\/p>\n\n\n\n<p>Durante o evento, a equipe da Secretaria esteve reunida com o ministro da Pesca e Aquicultura, \u00c9dipo Ara\u00fajo, oportunidade em que apresentou a import\u00e2ncia da atividade pesqueira para Guaratuba e as principais demandas do setor no munic\u00edpio. Na ocasi\u00e3o, tamb\u00e9m foi realizado um convite oficial para que o ministro visite Guaratuba e conhe\u00e7a de perto a realidade dos pescadores locais, suas potencialidades, desafios e necessidades.<\/p>\n\n\n\n<p>\u201cGuaratuba possui uma forte rela\u00e7\u00e3o com a pesca, que faz parte da hist\u00f3ria, da cultura e da economia do nosso munic\u00edpio. \u00c9 fundamental que as autoridades conhe\u00e7am essa realidade de perto, ou\u00e7am nossos pescadores e possam contribuir para o desenvolvimento e fortalecimento da atividade\u201d, destacou o secret\u00e1rio municipal da Pesca, Wallace Aguiar.<\/p>\n\n\n\n<p>A participa\u00e7\u00e3o no evento refor\u00e7a a busca do munic\u00edpio por ampliar a articula\u00e7\u00e3o institucional e manter o setor pesqueiro de Guaratuba presente nas discuss\u00f5es estaduais e nacionais relacionadas \u00e0 atividade.<\/p>\n\n\n\n<p>Tamb\u00e9m participaram do evento a superintendente Federal de Pesca e Aquicultura no Paran\u00e1, Fernanda Bueno, a diretora t\u00e9cnica da Secretaria Municipal da Pesca, Renata Maia e o servidor da Secretaria Municipal da Pesca Adelar Rosa Feij\u00f3.<\/p>\n\n\n\n<p>Fotos: Secretaria da Pesca<\/p>\n","protected":false},"excerpt":{"rendered":"<p>A Prefeitura de Guaratuba, por meio da Secretaria Municipal da Pesca, participou, nos dias 2 e 3 de setembro, em Foz do Igua\u00e7u, do IFC \u2013 International Fish Congress &amp; Fish Expo, evento que re\u00fane representantes, especialistas, autoridades e profissionais ligados \u00e0 pesca e \u00e0 aquicultura. A programa\u00e7\u00e3o foi marcada por debates, troca de experi\u00eancias [&hellip;]<\/p>\n","protected":false},"author":2,"featured_media":81911,"comment_status":"open","ping_status":"open","sticky":false,"template":"","format":"standard","meta":{"advanced_seo_description":"","jetpack_seo_html_title":"","jetpack_seo_noindex":false,"_jetpack_memberships_contains_paid_content":false,"footnotes":""},"categories":[99],"tags":[],"class_list":{"0":"post-81910","1":"post","2":"type-post","3":"status-publish","4":"format-standard","5":"has-post-thumbnail","7":"category-guaratuba"},"jetpack_featured_media_url":"https:\/\/www.paranapraia.com.br\/wp-content\/uploads\/2026\/09\/noticia_6a9ac2c3db0bc.jpg","jetpack_sharing_enabled":true,"_links":{"self":[{"href":"https:\/\/www.paranapraia.com.br\/index.php\/wp-json\/wp\/v2\/posts\/81910"}],"collection":[{"href":"https:\/\/www.paranapraia.com.br\/index.php\/wp-json\/wp\/v2\/posts"}],"about":[{"href":"https:\/\/www.paranapraia.com.br\/index.php\/wp-json\/wp\/v2\/types\/post"}],"author":[{"embeddable":true,"href":"https:\/\/www.paranapraia.com.br\/index.php\/wp-json\/wp\/v2\/users\/2"}],"replies":[{"embeddable":true,"href":"https:\/\/www.paranapraia.com.br\/index.php\/wp-json\/wp\/v2\/comments?post=81910"}],"version-history":[{"count":1,"href":"https:\/\/www.paranapraia.com.br\/index.php\/wp-json\/wp\/v2\/posts\/81910\/revisions"}],"predecessor-version":[{"id":81912,"href":"https:\/\/www.paranapraia.com.br\/index.php\/wp-json\/wp\/v2\/posts\/81910\/revisions\/81912"}],"wp:featuredmedia":[{"embeddable":true,"href":"https:\/\/www.paranapraia.com.br\/index.php\/wp-json\/wp\/v2\/media\/81911"}],"wp:attachment":[{"href":"https:\/\/www.paranapraia.com.br\/index.php\/wp-json\/wp\/v2\/media?parent=81910"}],"wp:term":[{"taxonomy":"category","embeddable":true,"href":"https:\/\/www.paranapraia.com.br\/index.php\/wp-json\/wp\/v2\/categories?post=81910"},{"taxonomy":"post_tag","embeddable":true,"href":"https:\/\/www.paranapraia.com.br\/index.php\/wp-json\/wp\/v2\/tags?post=81910"}],"curies":[{"name":"wp","href":"https:\/\/api.w.org\/{rel}","templated":true}]}}