{"id":81907,"date":"2026-09-04T10:40:45","date_gmt":"2026-09-04T13:40:45","guid":{"rendered":"https:\/\/www.paranapraia.com.br\/?p=81907"},"modified":"2026-09-04T10:40:47","modified_gmt":"2026-09-04T13:40:47","slug":"no-feriado-da-independencia-meia-maratona-de-guaratuba-fomenta-o-litoral-paranaense","status":"publish","type":"post","link":"https:\/\/www.paranapraia.com.br\/index.php\/2026\/09\/04\/no-feriado-da-independencia-meia-maratona-de-guaratuba-fomenta-o-litoral-paranaense\/","title":{"rendered":"No Feriado da Independ\u00eancia, Meia Maratona de Guaratuba fomenta o litoral paranaense"},"content":{"rendered":"\n<p><em>No dia 6 de setembro, v\u00e9spera de feriado, a cidade litor\u00e2nea recebe um dos mais aguardados eventos da modalidade esportiva. Evento j\u00e1 conta com mais de cinco mil inscritos<\/em><\/p>\n\n\n\n<p>No dia 6 de setembro, a cidade de Guaratuba, localizada no litoral do Paran\u00e1, recebe a primeira edi\u00e7\u00e3o da&nbsp;<strong>Meia Maratona de Guaratuba<\/strong>, evento que tem o objetivo de estimular a pr\u00e1tica esportiva e impactar diretamente na sa\u00fade e na qualidade de vida de seus participantes.&nbsp;<\/p>\n\n\n\n<p>Realizada pela&nbsp;<strong>Thom\u00e9 e Santos Eventos Esportivos&nbsp;<\/strong>e com apoio institucional da Prefeitura Municipal de Guaratuba, o evento conta com diferentes modalidades, sendo de 5km, 10km e 21km, com idades a partir de 14, 16 e 18 anos, respectivamente. H\u00e1 tamb\u00e9m a categoria para Portadores de Necessidades Especiais, com inscri\u00e7\u00e3o gratuita, em que pessoas com diferentes habilidades podem participar e desafiar seus limites, melhorando sa\u00fade e a autoestima, al\u00e9m de inspirar a sociedade a valorizar a diversidade.&nbsp;<\/p>\n\n\n\n<p>O local de largada e chegada da Meia Maratona de Guaratuba \u00e9 o Centro de Eventos, localizado na R. Jo\u00e3o Ant\u00f4nio Prosd\u00f3cimo, 76\/144.<\/p>\n\n\n\n<p>As largadas ocorrem das 6h \u00e0s 6h15. \u00c0s 6h, partida da modalidade 21km para a Elite Feminina\/Masculina e Portadores de Necessidades Especiais. \u00c0s 6h02, largada da modalidade 21 km para Portadores de Necessidades Especiais e, \u00e0s 6h05, partida do Geral Masculino e Feminino. \u00c0s 6h15, est\u00e1 programada a largada das modalidades 5km e 10km.&nbsp;<\/p>\n\n\n\n<p>O tempo m\u00e1ximo para concluir a prova varia de&nbsp; acordo com a categoria, sendo de tr\u00eas horas para a modalidade de 21 km.&nbsp;<\/p>\n\n\n\n<p><em>\u201cFaltam poucos dias para a t\u00e3o aguardada Meia Maratona de Guaratuba. Estamos nos \u00faltimos dias de inscri\u00e7\u00f5es e ansiosos com a participa\u00e7\u00e3o de corredores de diferentes categorias e modalidades\u201d&nbsp;<\/em>comenta&nbsp;<strong>Filippe Thome<\/strong>, diretor da&nbsp;<strong>Thome &amp; Santos Eventos Esportivos.<\/strong><\/p>\n\n\n\n<p>As informa\u00e7\u00f5es completas e o regulamento podem ser conferidos no site oficial:&nbsp;<a href=\"https:\/\/www.thomeesantos.com.br\/\" target=\"_blank\" rel=\"noreferrer noopener\">https:\/\/www.thomeesantos.com.br\/<\/a>&nbsp;. Fique por dentro das novidades da Meia Maratona de Guaratuba pelo perfil no instagram:&nbsp;<a href=\"https:\/\/www.instagram.com\/thomeesantos\/?hl=en\" target=\"_blank\" rel=\"noreferrer noopener\">@thomeesantos.&nbsp;<\/a><\/p>\n\n\n\n<p><strong>Servi\u00e7o<\/strong>:<br><strong>Meia Maratona de Guaratuba<br><\/strong><strong>Data da Meia Maratona de Guaratuba:<\/strong>&nbsp;6 de setembro<br><strong>Realiza\u00e7\u00e3o:<\/strong>&nbsp; Thome e Santos Eventos Esportivos<br><strong>Apoio Institucional:<\/strong>&nbsp;Prefeitura Municipal de Guaratuba<br><strong>Site oficial<\/strong>:&nbsp;<a href=\"https:\/\/www.thomeesantos.com.br\/\" target=\"_blank\" rel=\"noreferrer noopener\">https:\/\/www.thomeesantos.com.br\/<\/a><br><strong>Instagram<\/strong>:&nbsp;<a href=\"https:\/\/www.instagram.com\/thomeesantos\/?hl=en\" target=\"_blank\" rel=\"noreferrer noopener\">@thomeesantos<\/a><\/p>\n","protected":false},"excerpt":{"rendered":"<p>No dia 6 de setembro, v\u00e9spera de feriado, a cidade litor\u00e2nea recebe um dos mais aguardados eventos da modalidade esportiva. Evento j\u00e1 conta com mais de cinco mil inscritos No dia 6 de setembro, a cidade de Guaratuba, localizada no litoral do Paran\u00e1, recebe a primeira edi\u00e7\u00e3o da&nbsp;Meia Maratona de Guaratuba, evento que tem o [&hellip;]<\/p>\n","protected":false},"author":2,"featured_media":81908,"comment_status":"open","ping_status":"open","sticky":false,"template":"","format":"standard","meta":{"advanced_seo_description":"","jetpack_seo_html_title":"","jetpack_seo_noindex":false,"_jetpack_memberships_contains_paid_content":false,"footnotes":""},"categories":[99],"tags":[],"class_list":{"0":"post-81907","1":"post","2":"type-post","3":"status-publish","4":"format-standard","5":"has-post-thumbnail","7":"category-guaratuba"},"jetpack_featured_media_url":"https:\/\/www.paranapraia.com.br\/wp-content\/uploads\/2026\/09\/Meia-Maratona-de-Guaratuba-chega-ja-sendo-parte-do-calendario-esportivo-do-Parana-Cred.-Pref.-de-Guaratuba-.jpg","jetpack_sharing_enabled":true,"_links":{"self":[{"href":"https:\/\/www.paranapraia.com.br\/index.php\/wp-json\/wp\/v2\/posts\/81907"}],"collection":[{"href":"https:\/\/www.paranapraia.com.br\/index.php\/wp-json\/wp\/v2\/posts"}],"about":[{"href":"https:\/\/www.paranapraia.com.br\/index.php\/wp-json\/wp\/v2\/types\/post"}],"author":[{"embeddable":true,"href":"https:\/\/www.paranapraia.com.br\/index.php\/wp-json\/wp\/v2\/users\/2"}],"replies":[{"embeddable":true,"href":"https:\/\/www.paranapraia.com.br\/index.php\/wp-json\/wp\/v2\/comments?post=81907"}],"version-history":[{"count":1,"href":"https:\/\/www.paranapraia.com.br\/index.php\/wp-json\/wp\/v2\/posts\/81907\/revisions"}],"predecessor-version":[{"id":81909,"href":"https:\/\/www.paranapraia.com.br\/index.php\/wp-json\/wp\/v2\/posts\/81907\/revisions\/81909"}],"wp:featuredmedia":[{"embeddable":true,"href":"https:\/\/www.paranapraia.com.br\/index.php\/wp-json\/wp\/v2\/media\/81908"}],"wp:attachment":[{"href":"https:\/\/www.paranapraia.com.br\/index.php\/wp-json\/wp\/v2\/media?parent=81907"}],"wp:term":[{"taxonomy":"category","embeddable":true,"href":"https:\/\/www.paranapraia.com.br\/index.php\/wp-json\/wp\/v2\/categories?post=81907"},{"taxonomy":"post_tag","embeddable":true,"href":"https:\/\/www.paranapraia.com.br\/index.php\/wp-json\/wp\/v2\/tags?post=81907"}],"curies":[{"name":"wp","href":"https:\/\/api.w.org\/{rel}","templated":true}]}}