{"id":81904,"date":"2026-09-04T10:38:20","date_gmt":"2026-09-04T13:38:20","guid":{"rendered":"https:\/\/www.paranapraia.com.br\/?p=81904"},"modified":"2026-09-04T10:38:23","modified_gmt":"2026-09-04T13:38:23","slug":"maratona-internacional-do-parana-anuncia-segunda-edicao-no-feriado-de-pascoa-em-marco-de-2027","status":"publish","type":"post","link":"https:\/\/www.paranapraia.com.br\/index.php\/2026\/09\/04\/maratona-internacional-do-parana-anuncia-segunda-edicao-no-feriado-de-pascoa-em-marco-de-2027\/","title":{"rendered":"Maratona Internacional do Paran\u00e1 anuncia segunda edi\u00e7\u00e3o no feriado de P\u00e1scoa, em mar\u00e7o de 2027"},"content":{"rendered":"\n<p><em>Maior corrida j\u00e1 realizada no Estado volta ao litoral paranaense com provas de 5 km, 10 km, 21 km, 42 km e Maratoninha; inscri\u00e7\u00f5es ser\u00e3o abertas em setembro<\/em><\/p>\n\n\n\n<p><strong>Paran\u00e1, setembro de 2026 \u2013&nbsp;<\/strong>Depois de reunir mais de 20 mil atletas em sua primeira edi\u00e7\u00e3o e se consolidar como a maior corrida da hist\u00f3ria do Paran\u00e1, a Maratona Internacional do Paran\u00e1 (MIP) j\u00e1 tem data marcada para voltar ao litoral. A segunda edi\u00e7\u00e3o da prova acontece nos dias 26, 27 e 28 de mar\u00e7o de 2027, durante o feriad\u00e3o de P\u00e1scoa, com percursos de 5 km, 10 km, 21 km, 42 km e Maratoninha.<\/p>\n\n\n\n<p>A MIP 2027 chega com a expectativa de ampliar a experi\u00eancia constru\u00edda em sua estreia e fortalecer ainda mais o litoral paranaense como destino para o turismo esportivo. A Ponte de Guaratuba, que se tornou um dos grandes s\u00edmbolos da primeira edi\u00e7\u00e3o, permanece como um dos principais elementos da prova, proporcionando aos corredores a experi\u00eancia de atravessar um dos cart\u00f5es-postais mais marcantes do Estado com o litoral como cen\u00e1rio.<\/p>\n\n\n\n<p>\u201cA primeira edi\u00e7\u00e3o mostrou a for\u00e7a que a Maratona Internacional do Paran\u00e1 pode alcan\u00e7ar. Tivemos mais de 20 mil atletas, movimentamos o litoral e colocamos o Paran\u00e1 no mapa das grandes corridas de rua do Brasil. Agora, o desafio \u00e9 fazer uma segunda edi\u00e7\u00e3o ainda maior, com uma experi\u00eancia cada vez melhor para quem vem correr e para quem vive o evento junto com a gente\u201d, destaca Jo\u00e3o Guilherme Leprevost, diretor da VOA Esportes.<\/p>\n\n\n\n<p>Para Marcos Pinheiro, CEO da VOA Esportes, a segunda edi\u00e7\u00e3o parte de uma experi\u00eancia concreta e permite aprimorar todos os aspectos da competi\u00e7\u00e3o. \u201cA primeira MIP foi um grande aprendizado. Entregamos uma prova de grande porte, com diferentes dist\u00e2ncias, milhares de atletas e um percurso que trouxe desafios importantes. Para 2027, conseguimos trabalhar a partir dessa experi\u00eancia, ajustar processos e buscar uma evolu\u00e7\u00e3o t\u00e9cnica em cada etapa da prova. A ideia \u00e9 que o atleta perceba essa evolu\u00e7\u00e3o desde a largada at\u00e9 a chegada\u201d, afirma.<\/p>\n\n\n\n<p><strong>Relembre a MIP de 2026<\/strong><\/p>\n\n\n\n<p>A primeira edi\u00e7\u00e3o da MIP, realizada em maio de 2026, reuniu mais de 20 mil participantes entre as provas de 5 km, 10 km, 21 km e 42 km. O evento movimentou as cidades de Guaratuba e Matinhos e teve a travessia da Ponte de Guaratuba como principal destaque dos percursos.<\/p>\n\n\n\n<p>Na maratona de 42 km, os brasileiros Jos\u00e9 M\u00e1rcio Le\u00e3o da Silva, da Bahia, e Franciane dos Santos Moura, do Amazonas, conquistaram os t\u00edtulos masculino e feminino, respectivamente. A competi\u00e7\u00e3o tamb\u00e9m distribuiu R$ 300 mil em premia\u00e7\u00f5es.<\/p>\n\n\n\n<p>Outro destaque da estreia foi a Maratoninha, que reuniu cerca de 500 crian\u00e7as e adolescentes, entre 4 e 13 anos, em percursos adaptados. A programa\u00e7\u00e3o refor\u00e7ou a proposta de ampliar o acesso ao esporte e envolver diferentes gera\u00e7\u00f5es na experi\u00eancia da MIP.<\/p>\n\n\n\n<p>Para 2027, a Voa Esportes, organizadora do evento, prepara uma programa\u00e7\u00e3o ao longo de tr\u00eas dias, com diferentes dist\u00e2ncias e atividades voltadas aos atletas e ao p\u00fablico. A expectativa \u00e9 ampliar a participa\u00e7\u00e3o, fortalecer o impacto econ\u00f4mico e tur\u00edstico do evento e consolidar a MIP entre as principais corridas de rua do calend\u00e1rio nacional.<\/p>\n\n\n\n<p>\u201cA MIP nasceu grande, mas a nossa ambi\u00e7\u00e3o \u00e9 continuar crescendo. A segunda edi\u00e7\u00e3o representa um novo passo para um evento que j\u00e1 mostrou sua capacidade de reunir atletas de diferentes lugares, movimentar o litoral e criar uma experi\u00eancia que fica na mem\u00f3ria de quem participa. Queremos que 2027 seja uma edi\u00e7\u00e3o ainda mais especial e que a Maratona Internacional do Paran\u00e1 se torne uma data esperada por corredores de todo o Brasil\u201d, completa Jo\u00e3o Guilherme Leprevost.<\/p>\n\n\n\n<p>A abertura oficial das inscri\u00e7\u00f5es est\u00e1 prevista para 16 de setembro.&nbsp; A Maratona Internacional do Paran\u00e1 2027 ser\u00e1 realizada nos dias 26, 27 e 28 de mar\u00e7o, com provas de 5 km, 10 km, 21 km, 42 km e Maratoninha. Para mais informa\u00e7\u00f5es, acompanhe o perfil oficial da prova no Instagram: @maratonadoparana.<\/p>\n\n\n\n<p>Assessoria<\/p>\n","protected":false},"excerpt":{"rendered":"<p>Maior corrida j\u00e1 realizada no Estado volta ao litoral paranaense com provas de 5 km, 10 km, 21 km, 42 km e Maratoninha; inscri\u00e7\u00f5es ser\u00e3o abertas em setembro Paran\u00e1, setembro de 2026 \u2013&nbsp;Depois de reunir mais de 20 mil atletas em sua primeira edi\u00e7\u00e3o e se consolidar como a maior corrida da hist\u00f3ria do Paran\u00e1, [&hellip;]<\/p>\n","protected":false},"author":2,"featured_media":81905,"comment_status":"open","ping_status":"open","sticky":false,"template":"","format":"standard","meta":{"advanced_seo_description":"","jetpack_seo_html_title":"","jetpack_seo_noindex":false,"_jetpack_memberships_contains_paid_content":false,"footnotes":""},"categories":[40],"tags":[],"class_list":{"0":"post-81904","1":"post","2":"type-post","3":"status-publish","4":"format-standard","5":"has-post-thumbnail","7":"category-destaques"},"jetpack_featured_media_url":"https:\/\/www.paranapraia.com.br\/wp-content\/uploads\/2026\/09\/080A8399.jpg-scaled.jpg","jetpack_sharing_enabled":true,"_links":{"self":[{"href":"https:\/\/www.paranapraia.com.br\/index.php\/wp-json\/wp\/v2\/posts\/81904"}],"collection":[{"href":"https:\/\/www.paranapraia.com.br\/index.php\/wp-json\/wp\/v2\/posts"}],"about":[{"href":"https:\/\/www.paranapraia.com.br\/index.php\/wp-json\/wp\/v2\/types\/post"}],"author":[{"embeddable":true,"href":"https:\/\/www.paranapraia.com.br\/index.php\/wp-json\/wp\/v2\/users\/2"}],"replies":[{"embeddable":true,"href":"https:\/\/www.paranapraia.com.br\/index.php\/wp-json\/wp\/v2\/comments?post=81904"}],"version-history":[{"count":1,"href":"https:\/\/www.paranapraia.com.br\/index.php\/wp-json\/wp\/v2\/posts\/81904\/revisions"}],"predecessor-version":[{"id":81906,"href":"https:\/\/www.paranapraia.com.br\/index.php\/wp-json\/wp\/v2\/posts\/81904\/revisions\/81906"}],"wp:featuredmedia":[{"embeddable":true,"href":"https:\/\/www.paranapraia.com.br\/index.php\/wp-json\/wp\/v2\/media\/81905"}],"wp:attachment":[{"href":"https:\/\/www.paranapraia.com.br\/index.php\/wp-json\/wp\/v2\/media?parent=81904"}],"wp:term":[{"taxonomy":"category","embeddable":true,"href":"https:\/\/www.paranapraia.com.br\/index.php\/wp-json\/wp\/v2\/categories?post=81904"},{"taxonomy":"post_tag","embeddable":true,"href":"https:\/\/www.paranapraia.com.br\/index.php\/wp-json\/wp\/v2\/tags?post=81904"}],"curies":[{"name":"wp","href":"https:\/\/api.w.org\/{rel}","templated":true}]}}