{"id":81901,"date":"2026-09-04T10:34:46","date_gmt":"2026-09-04T13:34:46","guid":{"rendered":"https:\/\/www.paranapraia.com.br\/?p=81901"},"modified":"2026-09-04T10:34:49","modified_gmt":"2026-09-04T13:34:49","slug":"pontal-do-parana-participa-do-educa-juntos-em-foz-do-iguacu","status":"publish","type":"post","link":"https:\/\/www.paranapraia.com.br\/index.php\/2026\/09\/04\/pontal-do-parana-participa-do-educa-juntos-em-foz-do-iguacu\/","title":{"rendered":"Pontal do Paran\u00e1 participa do Educa Juntos em Foz do Igua\u00e7u"},"content":{"rendered":"\n<p>Secret\u00e1ria Municipal de Educa\u00e7\u00e3o, C\u00edntia Mendes, equipe pedag\u00f3gica da SMED e chefe do N\u00facleo Regional de Educa\u00e7\u00e3o, Paulo Penteado, participam de forma\u00e7\u00f5es e discuss\u00f5es sobre a educa\u00e7\u00e3o p\u00fablica no Paran\u00e1<\/p>\n\n\n\n<p>Pontal do Paran\u00e1 est\u00e1 representado no Educa Juntos, programa da Secretaria de Estado da Educa\u00e7\u00e3o do Paran\u00e1 (Seed) que re\u00fane profissionais da educa\u00e7\u00e3o de diferentes munic\u00edpios para forma\u00e7\u00e3o, di\u00e1logo e troca de experi\u00eancias. O encontro acontece em Foz do Igua\u00e7u e conta com a participa\u00e7\u00e3o da secret\u00e1ria municipal de Educa\u00e7\u00e3o, C\u00edntia Mendes, da equipe pedag\u00f3gica da Secretaria Municipal de Educa\u00e7\u00e3o (SMED) e do chefe do N\u00facleo Regional de Educa\u00e7\u00e3o, Paulo Penteado.<\/p>\n\n\n\n<p>Durante a programa\u00e7\u00e3o, a equipe de Pontal do Paran\u00e1 participa de atividades formativas e discuss\u00f5es voltadas ao trabalho desenvolvido pelas redes municipais de ensino. O encontro integra as a\u00e7\u00f5es do Educa Juntos, programa criado pela Lei n\u00ba 21.323, de 20 de dezembro de 2022, em regime de colabora\u00e7\u00e3o entre o Governo do Estado e os munic\u00edpios.<\/p>\n\n\n\n<p>A iniciativa tem como objetivo ampliar o suporte pedag\u00f3gico oferecido \u00e0s redes municipais, por meio de a\u00e7\u00f5es colaborativas, forma\u00e7\u00e3o de profissionais e compartilhamento de experi\u00eancias entre os munic\u00edpios paranaenses.<\/p>\n\n\n\n<p>Entre os temas abordados durante a participa\u00e7\u00e3o de Pontal do Paran\u00e1 est\u00e1 a plataforma GERE Mais, ferramenta utilizada para o acompanhamento da aprendizagem e dos indicadores educacionais. A plataforma re\u00fane dados que podem auxiliar as equipes da educa\u00e7\u00e3o no planejamento das a\u00e7\u00f5es e na an\u00e1lise dos resultados da rede municipal.<\/p>\n\n\n\n<p>Durante o evento, C\u00edntia Mendes destacou a participa\u00e7\u00e3o do munic\u00edpio nas atividades promovidas pelo Governo do Estado e pela Secretaria de Estado da Educa\u00e7\u00e3o.<\/p>\n\n\n\n<p>\u201cQuero agradecer ao Governo do Paran\u00e1 e \u00e0 Secretaria de Estado da Educa\u00e7\u00e3o por proporcionarem momentos como este. Essa parceria \u00e9 fundamental para que possamos fortalecer nossas redes municipais, compartilhar experi\u00eancias e levar cada vez mais conhecimento e oportunidades para nossas crian\u00e7as.\u201d<\/p>\n\n\n\n<p>A presen\u00e7a de Pontal do Paran\u00e1 no Educa Juntos tamb\u00e9m permite que a equipe municipal acompanhe discuss\u00f5es sobre pr\u00e1ticas educacionais e conhe\u00e7a experi\u00eancias desenvolvidas em outras cidades do Paran\u00e1, que podem contribuir para o planejamento das a\u00e7\u00f5es da rede municipal.<\/p>\n\n\n\n<p>Fotos: Reprodu\u00e7\u00e3o<\/p>\n","protected":false},"excerpt":{"rendered":"<p>Secret\u00e1ria Municipal de Educa\u00e7\u00e3o, C\u00edntia Mendes, equipe pedag\u00f3gica da SMED e chefe do N\u00facleo Regional de Educa\u00e7\u00e3o, Paulo Penteado, participam de forma\u00e7\u00f5es e discuss\u00f5es sobre a educa\u00e7\u00e3o p\u00fablica no Paran\u00e1 Pontal do Paran\u00e1 est\u00e1 representado no Educa Juntos, programa da Secretaria de Estado da Educa\u00e7\u00e3o do Paran\u00e1 (Seed) que re\u00fane profissionais da educa\u00e7\u00e3o de diferentes [&hellip;]<\/p>\n","protected":false},"author":2,"featured_media":81902,"comment_status":"open","ping_status":"open","sticky":false,"template":"","format":"standard","meta":{"advanced_seo_description":"","jetpack_seo_html_title":"","jetpack_seo_noindex":false,"_jetpack_memberships_contains_paid_content":false,"footnotes":""},"categories":[65],"tags":[],"class_list":{"0":"post-81901","1":"post","2":"type-post","3":"status-publish","4":"format-standard","5":"has-post-thumbnail","7":"category-pontal-do-parana"},"jetpack_featured_media_url":"https:\/\/www.paranapraia.com.br\/wp-content\/uploads\/2026\/09\/WhatsApp-Image-2026-09-04-at-10.33.53.jpeg","jetpack_sharing_enabled":true,"_links":{"self":[{"href":"https:\/\/www.paranapraia.com.br\/index.php\/wp-json\/wp\/v2\/posts\/81901"}],"collection":[{"href":"https:\/\/www.paranapraia.com.br\/index.php\/wp-json\/wp\/v2\/posts"}],"about":[{"href":"https:\/\/www.paranapraia.com.br\/index.php\/wp-json\/wp\/v2\/types\/post"}],"author":[{"embeddable":true,"href":"https:\/\/www.paranapraia.com.br\/index.php\/wp-json\/wp\/v2\/users\/2"}],"replies":[{"embeddable":true,"href":"https:\/\/www.paranapraia.com.br\/index.php\/wp-json\/wp\/v2\/comments?post=81901"}],"version-history":[{"count":1,"href":"https:\/\/www.paranapraia.com.br\/index.php\/wp-json\/wp\/v2\/posts\/81901\/revisions"}],"predecessor-version":[{"id":81903,"href":"https:\/\/www.paranapraia.com.br\/index.php\/wp-json\/wp\/v2\/posts\/81901\/revisions\/81903"}],"wp:featuredmedia":[{"embeddable":true,"href":"https:\/\/www.paranapraia.com.br\/index.php\/wp-json\/wp\/v2\/media\/81902"}],"wp:attachment":[{"href":"https:\/\/www.paranapraia.com.br\/index.php\/wp-json\/wp\/v2\/media?parent=81901"}],"wp:term":[{"taxonomy":"category","embeddable":true,"href":"https:\/\/www.paranapraia.com.br\/index.php\/wp-json\/wp\/v2\/categories?post=81901"},{"taxonomy":"post_tag","embeddable":true,"href":"https:\/\/www.paranapraia.com.br\/index.php\/wp-json\/wp\/v2\/tags?post=81901"}],"curies":[{"name":"wp","href":"https:\/\/api.w.org\/{rel}","templated":true}]}}