{"id":81898,"date":"2026-09-04T10:31:31","date_gmt":"2026-09-04T13:31:31","guid":{"rendered":"https:\/\/www.paranapraia.com.br\/?p=81898"},"modified":"2026-09-04T10:31:33","modified_gmt":"2026-09-04T13:31:33","slug":"quatro-escolas-de-pontal-do-parana-recebem-selo-ouro-do-ideb","status":"publish","type":"post","link":"https:\/\/www.paranapraia.com.br\/index.php\/2026\/09\/04\/quatro-escolas-de-pontal-do-parana-recebem-selo-ouro-do-ideb\/","title":{"rendered":"Quatro escolas de Pontal do Paran\u00e1 recebem selo ouro do IDEB"},"content":{"rendered":"\n<p>Diretores dos col\u00e9gios estaduais H\u00e9lio Ant\u00f4nio de Souza, Maria Helena T. Luciano, Paulo Freire e Sully da Rocha Vilarinho receberam as placas de reconhecimento durante o Semin\u00e1rio de Diretores da Rede Estadual de Ensino, realizado em Foz do Igua\u00e7u<\/p>\n\n\n\n<p>Quatro escolas de Pontal do Paran\u00e1 receberam o selo ouro do IDEB durante o Semin\u00e1rio de Diretores da Rede Estadual de Ensino, realizado em Foz do Igua\u00e7u. Os col\u00e9gios Maria Helena, Paulo Freire, Sully e H\u00e9lio foram reconhecidos pelos resultados apresentados na \u00faltima avalia\u00e7\u00e3o da educa\u00e7\u00e3o b\u00e1sica, com evolu\u00e7\u00e3o nos indicadores de L\u00edngua Portuguesa e Matem\u00e1tica.<\/p>\n\n\n\n<p>A premia\u00e7\u00e3o ocorreu durante a programa\u00e7\u00e3o do Semin\u00e1rio de Diretores da Rede Estadual de Ensino. Representando as escolas de Pontal do Paran\u00e1, receberam as placas de reconhecimento Amanda Cristina de Souza Nunes, diretora do Col\u00e9gio Estadual C\u00edvico-Militar H\u00e9lio Antonio de Souza; Luciana Cec\u00edlia Basso, diretora do Col\u00e9gio Estadual C\u00edvico-Militar Maria Helena T. Luciano; Elizete Regina Burigo, diretora do Col\u00e9gio Estadual Integral Paulo Freire; e Daniel Martello Lazinho, diretor do Col\u00e9gio Estadual Sully da Rocha Vilarinho.<\/p>\n\n\n\n<p>A escolha das unidades reconhecidas considerou crit\u00e9rios relacionados aos resultados educacionais. Entre eles est\u00e3o o maior indicador nos anos finais, o maior indicador no ensino m\u00e9dio, o maior crescimento nos resultados e o crescimento considerando o contexto social das escolas.<\/p>\n\n\n\n<p>Na \u00faltima avalia\u00e7\u00e3o do IDEB, os quatro col\u00e9gios de Pontal do Paran\u00e1 apresentaram evolu\u00e7\u00e3o nas profici\u00eancias de L\u00edngua Portuguesa e Matem\u00e1tica. Os resultados levaram as unidades a receberem o selo ouro entre as escolas reconhecidas no Paran\u00e1.<\/p>\n\n\n\n<p>O resultado est\u00e1 relacionado \u00e0s atividades desenvolvidas pelos profissionais das escolas, ao acompanhamento dos estudantes e \u00e0 participa\u00e7\u00e3o da comunidade escolar no processo de aprendizagem.<\/p>\n\n\n\n<p>O Semin\u00e1rio de Diretores tamb\u00e9m reuniu representantes da rede estadual para tratar de temas relacionados \u00e0 gest\u00e3o escolar, aos indicadores educacionais e aos resultados das unidades de ensino.<\/p>\n\n\n\n<p>O chefe do N\u00facleo Regional de Educa\u00e7\u00e3o, Paulo Penteado, tamb\u00e9m esteve presente no evento, acompanhando a participa\u00e7\u00e3o das escolas de Pontal do Paran\u00e1 e a entrega das placas aos diretores.<\/p>\n\n\n\n<p>Com o recebimento do selo ouro e das placas durante o Semin\u00e1rio de Diretores, os col\u00e9gios estaduais Maria Helena, Paulo Freire, Sully e H\u00e9lio passam a integrar o grupo de unidades reconhecidas pelos resultados obtidos na avalia\u00e7\u00e3o da educa\u00e7\u00e3o b\u00e1sica. O reconhecimento considera diferentes indicadores e o desempenho apresentado pelas escolas no per\u00edodo avaliado.<\/p>\n\n\n\n<p>Fotos: Reprodu\u00e7\u00e3o<\/p>\n","protected":false},"excerpt":{"rendered":"<p>Diretores dos col\u00e9gios estaduais H\u00e9lio Ant\u00f4nio de Souza, Maria Helena T. Luciano, Paulo Freire e Sully da Rocha Vilarinho receberam as placas de reconhecimento durante o Semin\u00e1rio de Diretores da Rede Estadual de Ensino, realizado em Foz do Igua\u00e7u Quatro escolas de Pontal do Paran\u00e1 receberam o selo ouro do IDEB durante o Semin\u00e1rio de [&hellip;]<\/p>\n","protected":false},"author":2,"featured_media":81899,"comment_status":"open","ping_status":"open","sticky":false,"template":"","format":"standard","meta":{"advanced_seo_description":"","jetpack_seo_html_title":"","jetpack_seo_noindex":false,"_jetpack_memberships_contains_paid_content":false,"footnotes":""},"categories":[65],"tags":[],"class_list":{"0":"post-81898","1":"post","2":"type-post","3":"status-publish","4":"format-standard","5":"has-post-thumbnail","7":"category-pontal-do-parana"},"jetpack_featured_media_url":"https:\/\/www.paranapraia.com.br\/wp-content\/uploads\/2026\/09\/WhatsApp-Image-2026-09-04-at-10.31.04.jpeg","jetpack_sharing_enabled":true,"_links":{"self":[{"href":"https:\/\/www.paranapraia.com.br\/index.php\/wp-json\/wp\/v2\/posts\/81898"}],"collection":[{"href":"https:\/\/www.paranapraia.com.br\/index.php\/wp-json\/wp\/v2\/posts"}],"about":[{"href":"https:\/\/www.paranapraia.com.br\/index.php\/wp-json\/wp\/v2\/types\/post"}],"author":[{"embeddable":true,"href":"https:\/\/www.paranapraia.com.br\/index.php\/wp-json\/wp\/v2\/users\/2"}],"replies":[{"embeddable":true,"href":"https:\/\/www.paranapraia.com.br\/index.php\/wp-json\/wp\/v2\/comments?post=81898"}],"version-history":[{"count":1,"href":"https:\/\/www.paranapraia.com.br\/index.php\/wp-json\/wp\/v2\/posts\/81898\/revisions"}],"predecessor-version":[{"id":81900,"href":"https:\/\/www.paranapraia.com.br\/index.php\/wp-json\/wp\/v2\/posts\/81898\/revisions\/81900"}],"wp:featuredmedia":[{"embeddable":true,"href":"https:\/\/www.paranapraia.com.br\/index.php\/wp-json\/wp\/v2\/media\/81899"}],"wp:attachment":[{"href":"https:\/\/www.paranapraia.com.br\/index.php\/wp-json\/wp\/v2\/media?parent=81898"}],"wp:term":[{"taxonomy":"category","embeddable":true,"href":"https:\/\/www.paranapraia.com.br\/index.php\/wp-json\/wp\/v2\/categories?post=81898"},{"taxonomy":"post_tag","embeddable":true,"href":"https:\/\/www.paranapraia.com.br\/index.php\/wp-json\/wp\/v2\/tags?post=81898"}],"curies":[{"name":"wp","href":"https:\/\/api.w.org\/{rel}","templated":true}]}}