{"id":81895,"date":"2026-09-04T10:22:11","date_gmt":"2026-09-04T13:22:11","guid":{"rendered":"https:\/\/www.paranapraia.com.br\/?p=81895"},"modified":"2026-09-04T10:22:13","modified_gmt":"2026-09-04T13:22:13","slug":"guarda-vidas-atuam-a-partir-de-sabado-no-litoral-do-parana-e-reforcam-seguranca-no-feriado","status":"publish","type":"post","link":"https:\/\/www.paranapraia.com.br\/index.php\/2026\/09\/04\/guarda-vidas-atuam-a-partir-de-sabado-no-litoral-do-parana-e-reforcam-seguranca-no-feriado\/","title":{"rendered":"Guarda-vidas atuam a partir de s\u00e1bado no Litoral do Paran\u00e1 e refor\u00e7am seguran\u00e7a no feriado"},"content":{"rendered":"\n<p>O Corpo de Bombeiros Militar do Paran\u00e1 (CBMPR) inicia neste s\u00e1bado (5) a atua\u00e7\u00e3o dos guarda-vidas no litoral paranaense para o feriado de 7 de setembro. As equipes permanecer\u00e3o em atividade at\u00e9 ter\u00e7a-feira (8), refor\u00e7ando a seguran\u00e7a de moradores e turistas que pretendem aproveitar os dias de folga nas praias e no rio em Morretes.<\/p>\n\n\n\n<p>Ao todo, ser\u00e3o 36 postos de guarda-vidas em funcionamento: 10 em Guaratuba, 10 em Matinhos, 10 em Pontal do Paran\u00e1, tr\u00eas na Ilha do Mel e tr\u00eas em Morretes. O efetivo ser\u00e1 de aproximadamente 200 profissionais, entre bombeiros militares e guarda-vidas civis. Ele funcionar\u00e3o das 8h30 \u00e0s 18h, com exce\u00e7\u00e3o da Ilha do Mel, onde estar\u00e3o abertos das 9h \u00e0s 17h.<\/p>\n\n\n\n<p>A estrutura refor\u00e7ada pelo CBMPR busca atender ao movimento esperado em raz\u00e3o do feriado de 7 de setembro, Dia da Independ\u00eancia, que, para os moradores da capital paranaense, ser\u00e1 prolongado no dia 8, feriado dedicado \u00e0 padroeira de Curitiba, Nossa Senhora da Luz dos Pinhais.<\/p>\n\n\n\n<p>A partir deste m\u00eas, o Batalh\u00e3o de Bombeiro Militar Mar\u00edtimo (BBM-Mar) inicia o per\u00edodo de preven\u00e7\u00e3o aqu\u00e1tica no Litoral do Paran\u00e1, com a retomada da atua\u00e7\u00e3o dos guarda-vidas nos principais pontos de banho. At\u00e9 o fim da temporada de ver\u00e3o, o CBMPR manter\u00e1 equipes de guarda-vidas em atividade aos finais de semana em Guaratuba, Matinhos, Pontal do Paran\u00e1, Ilha do Mel e Morretes. A partir de novembro, os postos funcionar\u00e3o diariamente, intensificando a presen\u00e7a nas \u00e1reas de banho.<\/p>\n\n\n\n<p><strong>Orienta\u00e7\u00f5es aos banhistas:<\/strong><\/p>\n\n\n\n<p>&#8211; Procure sempre locais protegidos por guarda-vidas<\/p>\n\n\n\n<p>&#8211; Respeite a sinaliza\u00e7\u00e3o das praias e orlas<\/p>\n\n\n\n<p>&#8211; Nunca entre na \u00e1gua em \u00e1reas desprotegidas ou sinalizadas com bandeira preta<\/p>\n\n\n\n<p>&#8211; Fique atento \u00e0s crian\u00e7as: \u00e1gua no umbigo j\u00e1 \u00e9 sinal de perigo<\/p>\n\n\n\n<p>&#8211; Evite nadar sozinho<\/p>\n\n\n\n<p>&#8211; N\u00e3o nade pr\u00f3ximo a pedras, nem salte delas<\/p>\n\n\n\n<p>&#8211; Evite o uso de boias ou pranchas sem leash, que podem ser arrastadas para o fundo<\/p>\n\n\n\n<p>&#8211; N\u00e3o tente salvar algu\u00e9m sem preparo adequado. Acione imediatamente os guarda-vidas<\/p>\n\n\n\n<p>&#8211; Se ingerir bebida alco\u00f3lica, n\u00e3o entre no mar<\/p>\n\n\n\n<p>&#8211; Saia da \u00e1gua em caso de tempestade e procure abrigo seguro<\/p>\n\n\n\n<p>&#8211; Em caso de acidente com \u00e1guas-vivas, procure o posto de guarda-vidas mais pr\u00f3ximo<\/p>\n\n\n\n<p>&#8211; Em emerg\u00eancias ligue 193<\/p>\n\n\n\n<p>AEN\/PR<\/p>\n","protected":false},"excerpt":{"rendered":"<p>O Corpo de Bombeiros Militar do Paran\u00e1 (CBMPR) inicia neste s\u00e1bado (5) a atua\u00e7\u00e3o dos guarda-vidas no litoral paranaense para o feriado de 7 de setembro. As equipes permanecer\u00e3o em atividade at\u00e9 ter\u00e7a-feira (8), refor\u00e7ando a seguran\u00e7a de moradores e turistas que pretendem aproveitar os dias de folga nas praias e no rio em Morretes. [&hellip;]<\/p>\n","protected":false},"author":2,"featured_media":81896,"comment_status":"open","ping_status":"open","sticky":false,"template":"","format":"standard","meta":{"advanced_seo_description":"","jetpack_seo_html_title":"","jetpack_seo_noindex":false,"_jetpack_memberships_contains_paid_content":false,"footnotes":""},"categories":[40],"tags":[],"class_list":{"0":"post-81895","1":"post","2":"type-post","3":"status-publish","4":"format-standard","5":"has-post-thumbnail","7":"category-destaques"},"jetpack_featured_media_url":"https:\/\/www.paranapraia.com.br\/wp-content\/uploads\/2026\/09\/whatsapp_image_2026-09-03_at_10.42.15.jpg","jetpack_sharing_enabled":true,"_links":{"self":[{"href":"https:\/\/www.paranapraia.com.br\/index.php\/wp-json\/wp\/v2\/posts\/81895"}],"collection":[{"href":"https:\/\/www.paranapraia.com.br\/index.php\/wp-json\/wp\/v2\/posts"}],"about":[{"href":"https:\/\/www.paranapraia.com.br\/index.php\/wp-json\/wp\/v2\/types\/post"}],"author":[{"embeddable":true,"href":"https:\/\/www.paranapraia.com.br\/index.php\/wp-json\/wp\/v2\/users\/2"}],"replies":[{"embeddable":true,"href":"https:\/\/www.paranapraia.com.br\/index.php\/wp-json\/wp\/v2\/comments?post=81895"}],"version-history":[{"count":1,"href":"https:\/\/www.paranapraia.com.br\/index.php\/wp-json\/wp\/v2\/posts\/81895\/revisions"}],"predecessor-version":[{"id":81897,"href":"https:\/\/www.paranapraia.com.br\/index.php\/wp-json\/wp\/v2\/posts\/81895\/revisions\/81897"}],"wp:featuredmedia":[{"embeddable":true,"href":"https:\/\/www.paranapraia.com.br\/index.php\/wp-json\/wp\/v2\/media\/81896"}],"wp:attachment":[{"href":"https:\/\/www.paranapraia.com.br\/index.php\/wp-json\/wp\/v2\/media?parent=81895"}],"wp:term":[{"taxonomy":"category","embeddable":true,"href":"https:\/\/www.paranapraia.com.br\/index.php\/wp-json\/wp\/v2\/categories?post=81895"},{"taxonomy":"post_tag","embeddable":true,"href":"https:\/\/www.paranapraia.com.br\/index.php\/wp-json\/wp\/v2\/tags?post=81895"}],"curies":[{"name":"wp","href":"https:\/\/api.w.org\/{rel}","templated":true}]}}