{"id":81883,"date":"2026-09-03T10:40:24","date_gmt":"2026-09-03T13:40:24","guid":{"rendered":"https:\/\/www.paranapraia.com.br\/?p=81883"},"modified":"2026-09-03T10:40:26","modified_gmt":"2026-09-03T13:40:26","slug":"balanco-parcial-da-campanha-de-multivacinacao-mostra-que-o-parana-aplicou-771-994-doses","status":"publish","type":"post","link":"https:\/\/www.paranapraia.com.br\/index.php\/2026\/09\/03\/balanco-parcial-da-campanha-de-multivacinacao-mostra-que-o-parana-aplicou-771-994-doses\/","title":{"rendered":"Balan\u00e7o parcial da Campanha de Multivacina\u00e7\u00e3o mostra que o Paran\u00e1 aplicou 771.994 doses"},"content":{"rendered":"\n<p>O balan\u00e7o parcial da Campanha de Multivacina\u00e7\u00e3o, realizada entre 3 de agosto e 1\u00aa de setembro, aponta que no Paran\u00e1 foram aplicadas 771.994 doses ao longo do per\u00edodo de mobiliza\u00e7\u00e3o. De acordo com os dados da Secretaria de Estado da Sa\u00fade (Sesa), o p\u00fablico infantil e infantojuvenil responde pela maior parcela dos atendimentos nos 399 munic\u00edpios paranaenses. Do total de doses administradas, 494.531 foram destinadas a crian\u00e7as e jovens com menos de 19 anos.<\/p>\n\n\n\n<p>Os dados apontam que 481.480 doses foram aplicadas em menores de 15 anos, faixa et\u00e1ria priorit\u00e1ria da campanha.<\/p>\n\n\n\n<p>Dentro da estrat\u00e9gia de imuniza\u00e7\u00e3o, destaca-se o resgate vacinal contra o HPV para jovens de at\u00e9 19 anos. Em rela\u00e7\u00e3o aos imunizantes espec\u00edficos, segundo dados contabilizados at\u00e9 o momento, a vacina contra a Influenza soma 112.489 doses, enquanto a vacina contra a Covid-19 registra 33.415 aplica\u00e7\u00f5es.<\/p>\n\n\n\n<p>J\u00e1 as vacinas de rotina do Calend\u00e1rio Nacional de Imuniza\u00e7\u00e3o, que protegem contra doen\u00e7as como sarampo, poliomielite, caxumba, rub\u00e9ola, hepatites e outras, somam 348.627 doses aplicadas.<\/p>\n\n\n\n<p><strong>SEGUEM DISPON\u00cdVEIS &#8211;<\/strong>&nbsp;A Sesa ressalta que, mesmo encerrado o per\u00edodo de mobiliza\u00e7\u00e3o da campanha, \u00e9 poss\u00edvel a todo tempo atualizar a caderneta de vacina\u00e7\u00e3o. A imuniza\u00e7\u00e3o \u00e9 a melhor estrat\u00e9gia para reduzir o risco de reintrodu\u00e7\u00e3o dos v\u00edrus e a circula\u00e7\u00e3o de doen\u00e7as preven\u00edveis, como influenza, sarampo e poliomielite.<\/p>\n\n\n\n<p>Essa orienta\u00e7\u00e3o \u00e9 v\u00e1lida para crian\u00e7as e adolescentes, que foram o p\u00fablico-alvo da campanha, como tamb\u00e9m para os adultos, mantendo, dessa forma, a prote\u00e7\u00e3o coletiva da popula\u00e7\u00e3o.<\/p>\n\n\n\n<p>Os imunizantes que integram o Calend\u00e1rio Nacional seguem dispon\u00edveis na rede, como a vacina contra o sarampo, cujo esquema vacinal abrange toda a popula\u00e7\u00e3o na faixa et\u00e1ria de 12 meses a 59 anos. A vacina contra a influenza est\u00e1 liberada para toda a popula\u00e7\u00e3o acima de seis meses.<\/p>\n\n\n\n<p>Tamb\u00e9m seguem dispon\u00edveis os imunizantes direcionados a p\u00fablicos espec\u00edficos, como a vacina contra a Covid-19, para os grupos priorit\u00e1rios definidos pelo Minist\u00e9rio da Sa\u00fade, que inclui residentes e trabalhadores de Institui\u00e7\u00f5es de Longa Perman\u00eancia (ILPIs), pu\u00e9rperas, imunodeprimidos, trabalhadores da sa\u00fade, ribeirinhos, quilombolas, ind\u00edgenas, pessoas com defici\u00eancia permanente e pessoas com comorbidades.<\/p>\n\n\n\n<p>Outro imunizante \u00e0 disposi\u00e7\u00e3o da popula\u00e7\u00e3o \u00e9 a vacina contra o HPV, que previne diversos tipos de c\u00e2ncer, e \u00e9 destinada a crian\u00e7as e adolescentes de 9 a 14 anos, de ambos os sexos. Adolescentes de 15 a 19 anos que n\u00e3o foram vacinados quando compunham a faixa et\u00e1ria anterior, tamb\u00e9m podem solicitar a dose nos postos de sa\u00fade, at\u00e9 o dia 31 de dezembro.<\/p>\n\n\n\n<p>AEN\/PR<\/p>\n","protected":false},"excerpt":{"rendered":"<p>O balan\u00e7o parcial da Campanha de Multivacina\u00e7\u00e3o, realizada entre 3 de agosto e 1\u00aa de setembro, aponta que no Paran\u00e1 foram aplicadas 771.994 doses ao longo do per\u00edodo de mobiliza\u00e7\u00e3o. De acordo com os dados da Secretaria de Estado da Sa\u00fade (Sesa), o p\u00fablico infantil e infantojuvenil responde pela maior parcela dos atendimentos nos 399 [&hellip;]<\/p>\n","protected":false},"author":2,"featured_media":81884,"comment_status":"open","ping_status":"open","sticky":false,"template":"","format":"standard","meta":{"advanced_seo_description":"","jetpack_seo_html_title":"","jetpack_seo_noindex":false,"_jetpack_memberships_contains_paid_content":false,"footnotes":""},"categories":[50],"tags":[],"class_list":{"0":"post-81883","1":"post","2":"type-post","3":"status-publish","4":"format-standard","5":"has-post-thumbnail","7":"category-saude"},"jetpack_featured_media_url":"https:\/\/www.paranapraia.com.br\/wp-content\/uploads\/2026\/09\/dsc5825.jpg","jetpack_sharing_enabled":true,"_links":{"self":[{"href":"https:\/\/www.paranapraia.com.br\/index.php\/wp-json\/wp\/v2\/posts\/81883"}],"collection":[{"href":"https:\/\/www.paranapraia.com.br\/index.php\/wp-json\/wp\/v2\/posts"}],"about":[{"href":"https:\/\/www.paranapraia.com.br\/index.php\/wp-json\/wp\/v2\/types\/post"}],"author":[{"embeddable":true,"href":"https:\/\/www.paranapraia.com.br\/index.php\/wp-json\/wp\/v2\/users\/2"}],"replies":[{"embeddable":true,"href":"https:\/\/www.paranapraia.com.br\/index.php\/wp-json\/wp\/v2\/comments?post=81883"}],"version-history":[{"count":1,"href":"https:\/\/www.paranapraia.com.br\/index.php\/wp-json\/wp\/v2\/posts\/81883\/revisions"}],"predecessor-version":[{"id":81885,"href":"https:\/\/www.paranapraia.com.br\/index.php\/wp-json\/wp\/v2\/posts\/81883\/revisions\/81885"}],"wp:featuredmedia":[{"embeddable":true,"href":"https:\/\/www.paranapraia.com.br\/index.php\/wp-json\/wp\/v2\/media\/81884"}],"wp:attachment":[{"href":"https:\/\/www.paranapraia.com.br\/index.php\/wp-json\/wp\/v2\/media?parent=81883"}],"wp:term":[{"taxonomy":"category","embeddable":true,"href":"https:\/\/www.paranapraia.com.br\/index.php\/wp-json\/wp\/v2\/categories?post=81883"},{"taxonomy":"post_tag","embeddable":true,"href":"https:\/\/www.paranapraia.com.br\/index.php\/wp-json\/wp\/v2\/tags?post=81883"}],"curies":[{"name":"wp","href":"https:\/\/api.w.org\/{rel}","templated":true}]}}