{"id":81880,"date":"2026-09-03T10:38:56","date_gmt":"2026-09-03T13:38:56","guid":{"rendered":"https:\/\/www.paranapraia.com.br\/?p=81880"},"modified":"2026-09-03T10:38:58","modified_gmt":"2026-09-03T13:38:58","slug":"inscricoes-para-leilao-de-veiculos-oficiais-do-estado-encerram-em-12-de-outubro","status":"publish","type":"post","link":"https:\/\/www.paranapraia.com.br\/index.php\/2026\/09\/03\/inscricoes-para-leilao-de-veiculos-oficiais-do-estado-encerram-em-12-de-outubro\/","title":{"rendered":"Inscri\u00e7\u00f5es para leil\u00e3o de ve\u00edculos oficiais do Estado encerram em 12 de outubro"},"content":{"rendered":"\n<p>Com 92 itens, o pr\u00f3ximo leil\u00e3o de ve\u00edculos oficiais do Estado ter\u00e1 lotes dispon\u00edveis para visita\u00e7\u00e3o em Curitiba e Maring\u00e1. Os interessados t\u00eam at\u00e9 12 de outubro para fazer a inscri\u00e7\u00e3o por meio da plataforma&nbsp;<strong><a href=\"https:\/\/leilaopublico.paas.pr.gov.br\/\" target=\"_blank\" rel=\"noreferrer noopener\">Leil\u00f5es Paran\u00e1<\/a>.<\/strong>&nbsp;O per\u00edodo para lances fica aberto entre 05 de outubro, \u00e0s 10h, e 14 de outubro, tamb\u00e9m a partir das 10h, conforme os hor\u00e1rios previstos para cada lote \u2013 informa\u00e7\u00e3o dispon\u00edvel no anexo 1 do&nbsp;<strong><a href=\"https:\/\/www.administracao.pr.gov.br\/sites\/default\/arquivos_restritos\/files\/documento\/2026-08\/2_-_edital_de_leilao_eletronico_deto_seap_15-2026_-_seap-deto_0.pdf\" target=\"_blank\" rel=\"noreferrer noopener\">Edital n\u00ba 15\/2026<\/a><\/strong>.<\/p>\n\n\n\n<p>O pagamento deve ser efetuado em at\u00e9 dois dias \u00fateis ap\u00f3s o encerramento do leil\u00e3o. Todos os ve\u00edculos s\u00e3o classificados como recuper\u00e1veis, com lances iniciais a partir de R$ 1.636,50 (lote 79).<\/p>\n\n\n\n<p>Os interessados podem conferir os ve\u00edculos presencialmente entre 05 e 08 de outubro.&nbsp;Os lotes incluem Toyota Hilux, Chevrolet Equinox, Volkswagen Saveiro e Volkswagen Amarok.<\/p>\n\n\n\n<p>Por ser conduzido por um servidor p\u00fablico, este leil\u00e3o n\u00e3o ter\u00e1 a cobran\u00e7a da comiss\u00e3o de 5% destinada ao leiloeiro.<\/p>\n\n\n\n<p><strong>Confira locais, datas e hor\u00e1rios de visita\u00e7\u00e3o dos lotes:<\/strong><\/p>\n\n\n\n<p>Lotes 01 a 10<\/p>\n\n\n\n<p>Local: Curitiba (P\u00e1tio do Deto \u2013 Rua Deputado M\u00e1rio de Barros, 1556 &#8211; Centro C\u00edvico)<\/p>\n\n\n\n<p>Data: 05\/10 (segunda-feira), das 9h \u00e0s 12h e das 13h30 \u00e0s 17h<\/p>\n\n\n\n<p>Lotes 11 a 75<\/p>\n\n\n\n<p>Local: Curitiba (P\u00e1tio do DER \u2013 Rua Jos\u00e9 Ver\u00edssimo, 467 &#8211; Bairro Alto)<\/p>\n\n\n\n<p>Datas: 06 e 07\/10, das 9h \u00e0s 12h e das 13h30 \u00e0s 17h<\/p>\n\n\n\n<p>Lotes 76 a 92<\/p>\n\n\n\n<p>Local: Maring\u00e1 (P\u00e1tio da UEM \u2013 Avenida Colombo, 5790 &#8211; Zona 7)<\/p>\n\n\n\n<p>Data: 08\/10, das 9h \u00e0s 12h e das 13h30 \u00e0s 17h<\/p>\n\n\n\n<p>AEN\/PR<\/p>\n","protected":false},"excerpt":{"rendered":"<p>Com 92 itens, o pr\u00f3ximo leil\u00e3o de ve\u00edculos oficiais do Estado ter\u00e1 lotes dispon\u00edveis para visita\u00e7\u00e3o em Curitiba e Maring\u00e1. Os interessados t\u00eam at\u00e9 12 de outubro para fazer a inscri\u00e7\u00e3o por meio da plataforma&nbsp;Leil\u00f5es Paran\u00e1.&nbsp;O per\u00edodo para lances fica aberto entre 05 de outubro, \u00e0s 10h, e 14 de outubro, tamb\u00e9m a partir das [&hellip;]<\/p>\n","protected":false},"author":2,"featured_media":81881,"comment_status":"open","ping_status":"open","sticky":false,"template":"","format":"standard","meta":{"advanced_seo_description":"","jetpack_seo_html_title":"","jetpack_seo_noindex":false,"_jetpack_memberships_contains_paid_content":false,"footnotes":""},"categories":[40],"tags":[],"class_list":{"0":"post-81880","1":"post","2":"type-post","3":"status-publish","4":"format-standard","5":"has-post-thumbnail","7":"category-destaques"},"jetpack_featured_media_url":"https:\/\/www.paranapraia.com.br\/wp-content\/uploads\/2026\/09\/img_9336-scaled.jpg","jetpack_sharing_enabled":true,"_links":{"self":[{"href":"https:\/\/www.paranapraia.com.br\/index.php\/wp-json\/wp\/v2\/posts\/81880"}],"collection":[{"href":"https:\/\/www.paranapraia.com.br\/index.php\/wp-json\/wp\/v2\/posts"}],"about":[{"href":"https:\/\/www.paranapraia.com.br\/index.php\/wp-json\/wp\/v2\/types\/post"}],"author":[{"embeddable":true,"href":"https:\/\/www.paranapraia.com.br\/index.php\/wp-json\/wp\/v2\/users\/2"}],"replies":[{"embeddable":true,"href":"https:\/\/www.paranapraia.com.br\/index.php\/wp-json\/wp\/v2\/comments?post=81880"}],"version-history":[{"count":1,"href":"https:\/\/www.paranapraia.com.br\/index.php\/wp-json\/wp\/v2\/posts\/81880\/revisions"}],"predecessor-version":[{"id":81882,"href":"https:\/\/www.paranapraia.com.br\/index.php\/wp-json\/wp\/v2\/posts\/81880\/revisions\/81882"}],"wp:featuredmedia":[{"embeddable":true,"href":"https:\/\/www.paranapraia.com.br\/index.php\/wp-json\/wp\/v2\/media\/81881"}],"wp:attachment":[{"href":"https:\/\/www.paranapraia.com.br\/index.php\/wp-json\/wp\/v2\/media?parent=81880"}],"wp:term":[{"taxonomy":"category","embeddable":true,"href":"https:\/\/www.paranapraia.com.br\/index.php\/wp-json\/wp\/v2\/categories?post=81880"},{"taxonomy":"post_tag","embeddable":true,"href":"https:\/\/www.paranapraia.com.br\/index.php\/wp-json\/wp\/v2\/tags?post=81880"}],"curies":[{"name":"wp","href":"https:\/\/api.w.org\/{rel}","templated":true}]}}