{"id":81865,"date":"2026-09-03T10:29:38","date_gmt":"2026-09-03T13:29:38","guid":{"rendered":"https:\/\/www.paranapraia.com.br\/?p=81865"},"modified":"2026-09-03T10:29:40","modified_gmt":"2026-09-03T13:29:40","slug":"castrapet-parana-oferece-660-vagas-gratuitas-para-castracao-de-caes-e-gatos-em-paranagua","status":"publish","type":"post","link":"https:\/\/www.paranapraia.com.br\/index.php\/2026\/09\/03\/castrapet-parana-oferece-660-vagas-gratuitas-para-castracao-de-caes-e-gatos-em-paranagua\/","title":{"rendered":"CastraPet Paran\u00e1 oferece 660 vagas gratuitas para castra\u00e7\u00e3o de c\u00e3es e gatos em Paranagu\u00e1"},"content":{"rendered":"\n<p>O programa CastraPet Paran\u00e1, iniciativa permanente do Governo do Estado, chega a Paranagu\u00e1 com a oferta de 660 castra\u00e7\u00f5es gratuitas para c\u00e3es e gatos. Os procedimentos ser\u00e3o realizados entre os dias 5 e 12 de setembro, no Complexo Esportivo Fernando Charbub Farah, conhecido como \u201cCaranguej\u00e3o\u201d.<\/p>\n\n\n\n<p>Coordenado pelo Instituto \u00c1gua e Terra (IAT), em parceria com as prefeituras municipais, o programa tem como principais objetivos contribuir para o controle populacional de c\u00e3es e gatos, prevenir doen\u00e7as e zoonoses e reduzir o abandono de animais.<\/p>\n\n\n\n<p>Em Paranagu\u00e1, a a\u00e7\u00e3o \u00e9 realizada por meio de uma parceria entre o munic\u00edpio e o Governo do Estado.<\/p>\n\n\n\n<p>A secret\u00e1ria municipal de Meio Ambiente e Zeladoria, Fl\u00e1via Garcia Quadros Hacke, destaca a import\u00e2ncia da iniciativa para a popula\u00e7\u00e3o.<\/p>\n\n\n\n<p>\u201cCastraPet \u00e9 um programa estadual de castra\u00e7\u00f5es de animais dom\u00e9sticos para controle populacional e preven\u00e7\u00e3o de algumas doen\u00e7as tamb\u00e9m. Isso faz com que o munic\u00edpio reduza a quantidade populacional de c\u00e3es e gatos no seu territ\u00f3rio e previna algumas doen\u00e7as tamb\u00e9m\u201d, explica.<\/p>\n\n\n\n<p>Segundo a secret\u00e1ria, o munic\u00edpio firmou conv\u00eanio com o Instituto \u00c1gua e Terra para viabilizar a realiza\u00e7\u00e3o dos procedimentos na cidade.<\/p>\n\n\n\n<p>\u201c\u00c9 um trabalho em conjunto entre o munic\u00edpio e o Governo do Estado, em conjunto com o Instituto \u00c1gua e Terra, \u00f3rg\u00e3o do Estado. N\u00f3s fizemos um conv\u00eanio com eles e esse conv\u00eanio que vai trazer a empresa para fazer essas castra\u00e7\u00f5es aqui no munic\u00edpio\u201d, afirma Fl\u00e1via.<\/p>\n\n\n\n<p>O munic\u00edpio ficar\u00e1 respons\u00e1vel por disponibilizar a estrutura para a realiza\u00e7\u00e3o dos atendimentos. \u201cN\u00f3s vamos disponibilizar o local para serem realizadas as castra\u00e7\u00f5es e os atendimentos, que vai ser no Caranguej\u00e3o, aqui na cidade\u201d, explica.<\/p>\n\n\n\n<p>A secret\u00e1ria tamb\u00e9m refor\u00e7a que o servi\u00e7o representa uma oportunidade para fam\u00edlias que n\u00e3o t\u00eam condi\u00e7\u00f5es financeiras de realizar a cirurgia em cl\u00ednicas particulares.<\/p>\n\n\n\n<p>\u201c\u00c9 importante a popula\u00e7\u00e3o aproveitar esse servi\u00e7o que est\u00e1 sendo prestado de forma gratuita, porque muitas pessoas n\u00e3o t\u00eam condi\u00e7\u00e3o de levar o seu animal para fazer esse procedimento em cl\u00ednicas particulares, em hospitais veterin\u00e1rios. Essa \u00e9 uma oportunidade gratuita para ser realizado esse procedimento\u201d, ressalta.<\/p>\n\n\n\n<p><strong>Procedimento<\/strong><\/p>\n\n\n\n<p>A m\u00e9dica veterin\u00e1ria da Secretaria Municipal de Meio Ambiente e Zeladoria, Giovana Bonatto, explica que a castra\u00e7\u00e3o \u00e9 um procedimento cir\u00fargico realizado com anestesia e que consiste na remo\u00e7\u00e3o dos \u00f3rg\u00e3os reprodutores dos animais.<\/p>\n\n\n\n<p>\u201cA castra\u00e7\u00e3o \u00e9 um procedimento cir\u00fargico, ent\u00e3o precisa de anestesia e ela serve para a remo\u00e7\u00e3o dos \u00f3rg\u00e3os reprodutores dos animais. No caso dos machos, os test\u00edculos; no caso das f\u00eameas, os ov\u00e1rios e \u00fateros\u201d, detalha.<\/p>\n\n\n\n<p>De acordo com a veterin\u00e1ria, a cirurgia impede a reprodu\u00e7\u00e3o e reduz a a\u00e7\u00e3o dos horm\u00f4nios relacionados ao sistema reprodutivo.<\/p>\n\n\n\n<p>\u201cEle remove os \u00f3rg\u00e3os reprodutores para n\u00e3o haver mais esses horm\u00f4nios e mais a capacidade de reprodu\u00e7\u00e3o. Para c\u00e3es e gatos \u00e9 o mesmo procedimento\u201d, explica Giovana.<\/p>\n\n\n\n<p>Al\u00e9m do controle populacional, a castra\u00e7\u00e3o pode contribuir para a preven\u00e7\u00e3o de determinadas doen\u00e7as.<\/p>\n\n\n\n<p>\u201cO objetivo \u00e9 reduzir a popula\u00e7\u00e3o de c\u00e3es e gatos, evitar essa prolifera\u00e7\u00e3o e prevenir doen\u00e7as. V\u00e1rias infec\u00e7\u00f5es e v\u00e1rios tipos de tumores s\u00e3o provocados pelo est\u00edmulo hormonal, ent\u00e3o j\u00e1 reduz a incid\u00eancia de v\u00e1rias doen\u00e7as\u201d, afirma.<\/p>\n\n\n\n<p><strong>Inscri\u00e7\u00f5es e cadastro de reserva<\/strong><\/p>\n\n\n\n<p>Das 660 vagas disponibilizadas para Paranagu\u00e1, as inscri\u00e7\u00f5es est\u00e3o pr\u00f3ximas do encerramento. Segundo Giovana Bonatto, ainda h\u00e1 vagas remanescentes para c\u00e3es machos, enquanto para as demais categorias ser\u00e1 formado cadastro de reserva.<\/p>\n\n\n\n<p>\u201cAs inscri\u00e7\u00f5es est\u00e3o quase finalizadas. A divulga\u00e7\u00e3o para as inscri\u00e7\u00f5es foi feita h\u00e1 duas semanas, as pessoas vieram, trouxeram seus documentos, seus animais, e agora n\u00f3s temos vagas remanescentes para c\u00e3es machos\u201d, explica.<\/p>\n\n\n\n<p>Quem tiver interesse tamb\u00e9m poder\u00e1 realizar inscri\u00e7\u00e3o para o cadastro de reserva de cadelas e de gatos machos e f\u00eameas. Em caso de desist\u00eancia ou aus\u00eancia de algum animal previamente inscrito, os respons\u00e1veis cadastrados na reserva poder\u00e3o ser chamados.<\/p>\n\n\n\n<p>\u201cCaso haja algum tipo de desist\u00eancia das pessoas que est\u00e3o inscritas, n\u00f3s vamos chamar do cadastro reserva\u201d, esclarece a veterin\u00e1ria.<\/p>\n\n\n\n<p>Para realizar a inscri\u00e7\u00e3o, o respons\u00e1vel deve procurar a Secretaria do Setor Veterin\u00e1rio e apresentar o animal que ser\u00e1 submetido ao procedimento, documento com foto e comprovante de resid\u00eancia.<\/p>\n\n\n\n<p><strong>Atendimento ser\u00e1 para animais previamente inscritos<\/strong><\/p>\n\n\n\n<p>Os procedimentos ser\u00e3o realizados entre os dias 5 e 12 de setembro, conforme hor\u00e1rio e data previamente agendados.<\/p>\n\n\n\n<p>Giovana Bonatto refor\u00e7a que n\u00e3o haver\u00e1 atendimento para animais que chegarem ao local sem inscri\u00e7\u00e3o antecipada.<\/p>\n\n\n\n<p>\u201cOs animais que ser\u00e3o castrados s\u00e3o s\u00f3 os que j\u00e1 fizeram inscri\u00e7\u00e3o. A popula\u00e7\u00e3o n\u00e3o pode chegar l\u00e1 no dia e pedir a castra\u00e7\u00e3o. Tem que fazer a inscri\u00e7\u00e3o com anteced\u00eancia porque as vagas s\u00e3o limitadas\u201d, alerta.<\/p>\n\n\n\n<p>Segundo ela, foram disponibilizadas 660 vagas e n\u00e3o haver\u00e1 amplia\u00e7\u00e3o do n\u00famero de procedimentos nesta etapa.<\/p>\n\n\n\n<p>\u201cS\u00e3o 660 vagas e n\u00e3o vai oferecer mais do que isso. A gente inscreveu o n\u00famero certo de animais e s\u00f3 v\u00e3o ser castrados os que fizeram inscri\u00e7\u00e3o com anteced\u00eancia\u201d, afirma.<\/p>\n\n\n\n<p>As inscri\u00e7\u00f5es e o cadastro de reserva podem ser realizados at\u00e9 esta sexta-feira, dia 4 de setembro.<\/p>\n\n\n\n<p>A orienta\u00e7\u00e3o \u00e9 para que os interessados procurem o servi\u00e7o antes do encerramento das inscri\u00e7\u00f5es. \u201c\u00c9 importante que as pessoas se inscrevam no cadastro de reserva porque, caso haja desist\u00eancia ou caso a pessoa n\u00e3o compare\u00e7a, s\u00f3 vai ser chamado quem est\u00e1 inscrito no cadastro reserva. N\u00e3o \u00e9 tamb\u00e9m quem chega l\u00e1 na hora\u201d, refor\u00e7a Giovana.<\/p>\n\n\n\n<p>A iniciativa busca ampliar o acesso gratuito \u00e0 castra\u00e7\u00e3o, contribuir para o bem-estar dos animais e auxiliar o munic\u00edpio no controle respons\u00e1vel da popula\u00e7\u00e3o de c\u00e3es e gatos.<\/p>\n","protected":false},"excerpt":{"rendered":"<p>O programa CastraPet Paran\u00e1, iniciativa permanente do Governo do Estado, chega a Paranagu\u00e1 com a oferta de 660 castra\u00e7\u00f5es gratuitas para c\u00e3es e gatos. Os procedimentos ser\u00e3o realizados entre os dias 5 e 12 de setembro, no Complexo Esportivo Fernando Charbub Farah, conhecido como \u201cCaranguej\u00e3o\u201d. Coordenado pelo Instituto \u00c1gua e Terra (IAT), em parceria com [&hellip;]<\/p>\n","protected":false},"author":2,"featured_media":81866,"comment_status":"open","ping_status":"open","sticky":false,"template":"","format":"standard","meta":{"advanced_seo_description":"","jetpack_seo_html_title":"","jetpack_seo_noindex":false,"_jetpack_memberships_contains_paid_content":false,"footnotes":""},"categories":[77],"tags":[],"class_list":{"0":"post-81865","1":"post","2":"type-post","3":"status-publish","4":"format-standard","5":"has-post-thumbnail","7":"category-paranagua"},"jetpack_featured_media_url":"https:\/\/www.paranapraia.com.br\/wp-content\/uploads\/2026\/09\/29622.jpg","jetpack_sharing_enabled":true,"_links":{"self":[{"href":"https:\/\/www.paranapraia.com.br\/index.php\/wp-json\/wp\/v2\/posts\/81865"}],"collection":[{"href":"https:\/\/www.paranapraia.com.br\/index.php\/wp-json\/wp\/v2\/posts"}],"about":[{"href":"https:\/\/www.paranapraia.com.br\/index.php\/wp-json\/wp\/v2\/types\/post"}],"author":[{"embeddable":true,"href":"https:\/\/www.paranapraia.com.br\/index.php\/wp-json\/wp\/v2\/users\/2"}],"replies":[{"embeddable":true,"href":"https:\/\/www.paranapraia.com.br\/index.php\/wp-json\/wp\/v2\/comments?post=81865"}],"version-history":[{"count":1,"href":"https:\/\/www.paranapraia.com.br\/index.php\/wp-json\/wp\/v2\/posts\/81865\/revisions"}],"predecessor-version":[{"id":81867,"href":"https:\/\/www.paranapraia.com.br\/index.php\/wp-json\/wp\/v2\/posts\/81865\/revisions\/81867"}],"wp:featuredmedia":[{"embeddable":true,"href":"https:\/\/www.paranapraia.com.br\/index.php\/wp-json\/wp\/v2\/media\/81866"}],"wp:attachment":[{"href":"https:\/\/www.paranapraia.com.br\/index.php\/wp-json\/wp\/v2\/media?parent=81865"}],"wp:term":[{"taxonomy":"category","embeddable":true,"href":"https:\/\/www.paranapraia.com.br\/index.php\/wp-json\/wp\/v2\/categories?post=81865"},{"taxonomy":"post_tag","embeddable":true,"href":"https:\/\/www.paranapraia.com.br\/index.php\/wp-json\/wp\/v2\/tags?post=81865"}],"curies":[{"name":"wp","href":"https:\/\/api.w.org\/{rel}","templated":true}]}}