{"id":81862,"date":"2026-09-03T10:27:01","date_gmt":"2026-09-03T13:27:01","guid":{"rendered":"https:\/\/www.paranapraia.com.br\/?p=81862"},"modified":"2026-09-03T10:27:03","modified_gmt":"2026-09-03T13:27:03","slug":"1a-festa-caicara-de-piacaguera-celebra-cultura-gastronomia-e-tradicoes-da-comunidade","status":"publish","type":"post","link":"https:\/\/www.paranapraia.com.br\/index.php\/2026\/09\/03\/1a-festa-caicara-de-piacaguera-celebra-cultura-gastronomia-e-tradicoes-da-comunidade\/","title":{"rendered":"1\u00aa Festa Cai\u00e7ara de Pia\u00e7aguera celebra cultura, gastronomia e tradi\u00e7\u00f5es da comunidade"},"content":{"rendered":"\n<p>A comunidade de Pia\u00e7aguera, em Paranagu\u00e1, ser\u00e1 palco, nos dias 19 e 20 de setembro, da 1\u00aa Festa Cai\u00e7ara de Pia\u00e7aguera, evento que re\u00fane m\u00fasica, gastronomia e atividades que valorizam os costumes e as tradi\u00e7\u00f5es das comunidades do litoral paranaense.<\/p>\n\n\n\n<p>Localizada em uma regi\u00e3o cercada pela natureza e marcada pela rela\u00e7\u00e3o hist\u00f3rica com o mar, Pia\u00e7aguera preserva caracter\u00edsticas do modo de vida cai\u00e7ara, como a pesca, a culin\u00e1ria tradicional, os saberes transmitidos entre gera\u00e7\u00f5es e a forte rela\u00e7\u00e3o da comunidade com o territ\u00f3rio.<\/p>\n\n\n\n<p>Durante os dois dias de festa, moradores e visitantes poder\u00e3o conhecer um pouco mais dessa cultura e aproveitar uma programa\u00e7\u00e3o musical e gastron\u00f4mica. No s\u00e1bado (19), as atra\u00e7\u00f5es musicais ser\u00e3o Mangalee, \u00e0s 12h, e Renatinho, \u00e0s 22h. No domingo (20), a programa\u00e7\u00e3o contar\u00e1 com Partiu Buteco, \u00e0s 12h.<\/p>\n\n\n\n<p>A gastronomia ser\u00e1 um dos destaques do evento, com op\u00e7\u00f5es que valorizam sabores tradicionais e tamb\u00e9m agradam diferentes p\u00fablicos. O card\u00e1pio ter\u00e1 prato feito, por\u00e7\u00f5es e petiscos, incluindo iscas de peixe e frango, camar\u00e3o \u00e0 paulista e \u00e0 milanesa, casquinha de siri, past\u00e9is, bolinhos de camar\u00e3o, barreado, siri e banana-da-terra, al\u00e9m de batata e aipim fritos. Tamb\u00e9m ser\u00e3o oferecidas ostras gratinadas, ao bafo e in natura, al\u00e9m de sobremesas e bebidas.<\/p>\n\n\n\n<p><strong>Trilha Cai\u00e7ara<\/strong><\/p>\n\n\n\n<p>A programa\u00e7\u00e3o do final de semana tamb\u00e9m contar\u00e1 com a 5\u00aa Trilha Cai\u00e7ara, no domingo (20). A caminhada ter\u00e1 aproximadamente 13 quil\u00f4metros, com sa\u00edda \u00e0s 7h da Esta\u00e7\u00e3o N\u00e1utica de Paranagu\u00e1.<\/p>\n\n\n\n<p>O percurso passar\u00e1 por Ponta de Ub\u00e1 e Vila de S\u00e3o Miguel, com chegada em Pia\u00e7aguera. O kit da trilha inclui transporte mar\u00edtimo, camiseta e almo\u00e7o. As inscri\u00e7\u00f5es podem ser realizadas pelo telefone&nbsp;<a href=\"tel:(41) 98885-3823\">(41) 98885-3823<\/a>.<\/p>\n\n\n\n<p>Para chegar \u00e0 comunidade durante a festa, os visitantes tamb\u00e9m poder\u00e3o utilizar o servi\u00e7o de t\u00e1xi n\u00e1utico. O contato do T\u00e1xi N\u00e1utico \u2013 Samuel \u00e9&nbsp;<a href=\"tel:(41) 98422-1394\">(41) 98422-1394<\/a>. A Barcopar tamb\u00e9m atende pelo telefone&nbsp;<a href=\"tel:(41) 98885-3823\">(41) 98885-3823<\/a>.<\/p>\n\n\n\n<p>Para o secret\u00e1rio municipal de Cultura e Turismo, Jos\u00e9 Reis, a realiza\u00e7\u00e3o da festa \u00e9 uma oportunidade de fortalecer a identidade cultural das comunidades tradicionais e aproximar moradores e visitantes das riquezas de Paranagu\u00e1.<\/p>\n\n\n\n<p>\u201cPia\u00e7aguera tem uma riqueza cultural e natural muito importante para Paranagu\u00e1. A Festa Cai\u00e7ara \u00e9 uma oportunidade de valorizar os saberes, os sabores e as tradi\u00e7\u00f5es da comunidade, al\u00e9m de proporcionar aos visitantes uma experi\u00eancia de contato com a nossa cultura e com as belezas do nosso litoral\u201d, destaca o secret\u00e1rio.<\/p>\n\n\n\n<p>A 1\u00aa Festa Cai\u00e7ara de Pia\u00e7aguera integra as a\u00e7\u00f5es de valoriza\u00e7\u00e3o da cultura e do turismo de Paranagu\u00e1, incentivando o conhecimento e a preserva\u00e7\u00e3o das tradi\u00e7\u00f5es cai\u00e7aras e fortalecendo as comunidades que fazem parte da hist\u00f3ria do munic\u00edpio.<\/p>\n","protected":false},"excerpt":{"rendered":"<p>A comunidade de Pia\u00e7aguera, em Paranagu\u00e1, ser\u00e1 palco, nos dias 19 e 20 de setembro, da 1\u00aa Festa Cai\u00e7ara de Pia\u00e7aguera, evento que re\u00fane m\u00fasica, gastronomia e atividades que valorizam os costumes e as tradi\u00e7\u00f5es das comunidades do litoral paranaense. Localizada em uma regi\u00e3o cercada pela natureza e marcada pela rela\u00e7\u00e3o hist\u00f3rica com o mar, [&hellip;]<\/p>\n","protected":false},"author":2,"featured_media":81863,"comment_status":"open","ping_status":"open","sticky":false,"template":"","format":"standard","meta":{"advanced_seo_description":"","jetpack_seo_html_title":"","jetpack_seo_noindex":false,"_jetpack_memberships_contains_paid_content":false,"footnotes":""},"categories":[77],"tags":[],"class_list":{"0":"post-81862","1":"post","2":"type-post","3":"status-publish","4":"format-standard","5":"has-post-thumbnail","7":"category-paranagua"},"jetpack_featured_media_url":"https:\/\/www.paranapraia.com.br\/wp-content\/uploads\/2026\/09\/29626.jpg","jetpack_sharing_enabled":true,"_links":{"self":[{"href":"https:\/\/www.paranapraia.com.br\/index.php\/wp-json\/wp\/v2\/posts\/81862"}],"collection":[{"href":"https:\/\/www.paranapraia.com.br\/index.php\/wp-json\/wp\/v2\/posts"}],"about":[{"href":"https:\/\/www.paranapraia.com.br\/index.php\/wp-json\/wp\/v2\/types\/post"}],"author":[{"embeddable":true,"href":"https:\/\/www.paranapraia.com.br\/index.php\/wp-json\/wp\/v2\/users\/2"}],"replies":[{"embeddable":true,"href":"https:\/\/www.paranapraia.com.br\/index.php\/wp-json\/wp\/v2\/comments?post=81862"}],"version-history":[{"count":1,"href":"https:\/\/www.paranapraia.com.br\/index.php\/wp-json\/wp\/v2\/posts\/81862\/revisions"}],"predecessor-version":[{"id":81864,"href":"https:\/\/www.paranapraia.com.br\/index.php\/wp-json\/wp\/v2\/posts\/81862\/revisions\/81864"}],"wp:featuredmedia":[{"embeddable":true,"href":"https:\/\/www.paranapraia.com.br\/index.php\/wp-json\/wp\/v2\/media\/81863"}],"wp:attachment":[{"href":"https:\/\/www.paranapraia.com.br\/index.php\/wp-json\/wp\/v2\/media?parent=81862"}],"wp:term":[{"taxonomy":"category","embeddable":true,"href":"https:\/\/www.paranapraia.com.br\/index.php\/wp-json\/wp\/v2\/categories?post=81862"},{"taxonomy":"post_tag","embeddable":true,"href":"https:\/\/www.paranapraia.com.br\/index.php\/wp-json\/wp\/v2\/tags?post=81862"}],"curies":[{"name":"wp","href":"https:\/\/api.w.org\/{rel}","templated":true}]}}