{"id":81853,"date":"2026-09-02T12:08:35","date_gmt":"2026-09-02T15:08:35","guid":{"rendered":"https:\/\/www.paranapraia.com.br\/?p=81853"},"modified":"2026-09-02T12:08:37","modified_gmt":"2026-09-02T15:08:37","slug":"guaratuba-organiza-1o-festival-da-primavera-com-show-da-familia-lima","status":"publish","type":"post","link":"https:\/\/www.paranapraia.com.br\/index.php\/2026\/09\/02\/guaratuba-organiza-1o-festival-da-primavera-com-show-da-familia-lima\/","title":{"rendered":"Guaratuba organiza 1\u00ba Festival da Primavera com show da Fam\u00edlia Lima"},"content":{"rendered":"\n<p>Com a chegada da esta\u00e7\u00e3o das flores, Guaratuba se prepara para receber sua primeira edi\u00e7\u00e3o do Festival da Primavera, que ser\u00e1 realizado de 19 a 26 de setembro. A novidade conta com uma programa\u00e7\u00e3o que celebrar\u00e1 natureza, cultura, arte, m\u00fasica e educa\u00e7\u00e3o ambiental em meio as cores vibrantes da nova temporada. Uma das principais atra\u00e7\u00f5es ser\u00e1 a apresenta\u00e7\u00e3o especial da \u201cFam\u00edlia Lima\u201d.<\/p>\n\n\n\n<p>A abertura do Festival ser\u00e1 no pr\u00f3ximo dia 19 de setembro, na Praia Central, e contar\u00e1 com atividades de yoga, oficina de pipas e o \u2018Clean Day\u2019 \u2013 que re\u00fane uma grande mobiliza\u00e7\u00e3o em refer\u00eancia ao Dia Mundial de Limpeza de Rios e Praias com uma diversidade de volunt\u00e1rios. Durante essa semana do festival, o munic\u00edpio tamb\u00e9m receber\u00e1 em diferentes espa\u00e7os da cidade apresenta\u00e7\u00f5es culturais, a\u00e7\u00f5es de educa\u00e7\u00e3o ambiental, plantio de flores, feira de artesanato, oficinas, apresenta\u00e7\u00f5es folcl\u00f3ricas com dan\u00e7a e m\u00fasica ao vivo.<\/p>\n\n\n\n<p>Para encerrar essa primeira edi\u00e7\u00e3o do Festival em grande estilo, no \u00faltimo dia do evento (26\/09), Guaratuba sediar\u00e1 um show gratuito da Fam\u00edlia Lima, \u00e0s 21h, na Pra\u00e7a dos Namorados. Nesse dia tamb\u00e9m ocorre feira de artesanato, oficinas, apresenta\u00e7\u00f5es folcl\u00f3ricas, dan\u00e7a e m\u00fasica.&nbsp;<\/p>\n\n\n\n<p>Participaram da apresenta\u00e7\u00e3o formal do Festival, que ocorreu no Casar\u00e3o Marc\u00edlio Dias na \u00faltima segunda-feira (31\/08), a Associa\u00e7\u00e3o Comercial e Empresarial de Guaratuba (Acig), Instituto ICAC, Associa\u00e7\u00e3o de artesanato \u00c1guas, empres\u00e1rios locais e representantes da Caravana Itinerante.<\/p>\n\n\n\n<p><strong>Confira a programa\u00e7\u00e3o completa:<\/strong><\/p>\n\n\n\n<p><strong>DIA 19\/09<\/strong>&nbsp;\u2013 S\u00e1bado \u2013 Abertura oficial:<br>&#8211; 8h &#8211; Comemora\u00e7\u00e3o do Dia Mundial de Limpeza de Rios e Praias \u2013 Seja Volunt\u00e1rio \u2013 Concentra\u00e7\u00e3o no Letreiro da Praia Central;<br>&#8211; 10h30 &#8211; Oficina de Pipas, na Praia Central;<br>&#8211; 15h &#8211; Primavera Compartilhada com encontro para troca e doa\u00e7\u00e3o de mudas no estacionamento da Pra\u00e7a dos Namorados;<br>&#8211; Shows Musicais Sons da Ba\u00eda;<br>&#8211; Feira de Artesanato;<br>&#8211; Abertura da Exposi\u00e7\u00e3o na Casa da Cultura com obras da artista Laura Dalla Vecchia.<\/p>\n\n\n\n<p><strong>DIAS 21 a 25\/09<\/strong><br>&#8211; Atividades culturais e socioambientais para estudantes das 8h30 \u00e0s 11h30 e 13h30 \u00e0s 16 horas, no Largo da Carioca;<br>&#8211; Plantio de Flores em Equipamentos p\u00fablicos.<\/p>\n\n\n\n<p><strong>DIA 26\/09&nbsp;<\/strong><br>&#8211; 8h \u2013 Yoga, na Pra\u00e7a dos Namorados;&nbsp;<br>&#8211; 9h \u00e0s 21 h \u2013 \u201cFestival de Flores e Cores\u201d com exposi\u00e7\u00e3o de plantas ornamentais de floriculturas locais e viveiros \u2013 Vendas no local;&nbsp;<br>&#8211; Exposi\u00e7\u00e3o de Artesanato<br>&#8211; Oficinas de jardinagem, plantio de mudas e artesanato&nbsp;<br>&#8211; 15h- Apresenta\u00e7\u00e3o de grupos folcl\u00f3ricos e apresenta\u00e7\u00f5es musicais sons da ba\u00eda&nbsp;<br>&#8211; 21h- Show de encerramento com Fam\u00edlia Lima.<\/p>\n\n\n\n<p>Fotos: Adriano Morais<\/p>\n","protected":false},"excerpt":{"rendered":"<p>Com a chegada da esta\u00e7\u00e3o das flores, Guaratuba se prepara para receber sua primeira edi\u00e7\u00e3o do Festival da Primavera, que ser\u00e1 realizado de 19 a 26 de setembro. A novidade conta com uma programa\u00e7\u00e3o que celebrar\u00e1 natureza, cultura, arte, m\u00fasica e educa\u00e7\u00e3o ambiental em meio as cores vibrantes da nova temporada. Uma das principais atra\u00e7\u00f5es [&hellip;]<\/p>\n","protected":false},"author":2,"featured_media":81854,"comment_status":"open","ping_status":"open","sticky":false,"template":"","format":"standard","meta":{"advanced_seo_description":"","jetpack_seo_html_title":"","jetpack_seo_noindex":false,"_jetpack_memberships_contains_paid_content":false,"footnotes":""},"categories":[99],"tags":[],"class_list":{"0":"post-81853","1":"post","2":"type-post","3":"status-publish","4":"format-standard","5":"has-post-thumbnail","7":"category-guaratuba"},"jetpack_featured_media_url":"https:\/\/www.paranapraia.com.br\/wp-content\/uploads\/2026\/09\/noticia_6a98209c7a92b.jpg","jetpack_sharing_enabled":true,"_links":{"self":[{"href":"https:\/\/www.paranapraia.com.br\/index.php\/wp-json\/wp\/v2\/posts\/81853"}],"collection":[{"href":"https:\/\/www.paranapraia.com.br\/index.php\/wp-json\/wp\/v2\/posts"}],"about":[{"href":"https:\/\/www.paranapraia.com.br\/index.php\/wp-json\/wp\/v2\/types\/post"}],"author":[{"embeddable":true,"href":"https:\/\/www.paranapraia.com.br\/index.php\/wp-json\/wp\/v2\/users\/2"}],"replies":[{"embeddable":true,"href":"https:\/\/www.paranapraia.com.br\/index.php\/wp-json\/wp\/v2\/comments?post=81853"}],"version-history":[{"count":1,"href":"https:\/\/www.paranapraia.com.br\/index.php\/wp-json\/wp\/v2\/posts\/81853\/revisions"}],"predecessor-version":[{"id":81855,"href":"https:\/\/www.paranapraia.com.br\/index.php\/wp-json\/wp\/v2\/posts\/81853\/revisions\/81855"}],"wp:featuredmedia":[{"embeddable":true,"href":"https:\/\/www.paranapraia.com.br\/index.php\/wp-json\/wp\/v2\/media\/81854"}],"wp:attachment":[{"href":"https:\/\/www.paranapraia.com.br\/index.php\/wp-json\/wp\/v2\/media?parent=81853"}],"wp:term":[{"taxonomy":"category","embeddable":true,"href":"https:\/\/www.paranapraia.com.br\/index.php\/wp-json\/wp\/v2\/categories?post=81853"},{"taxonomy":"post_tag","embeddable":true,"href":"https:\/\/www.paranapraia.com.br\/index.php\/wp-json\/wp\/v2\/tags?post=81853"}],"curies":[{"name":"wp","href":"https:\/\/api.w.org\/{rel}","templated":true}]}}