{"id":81844,"date":"2026-09-02T11:59:26","date_gmt":"2026-09-02T14:59:26","guid":{"rendered":"https:\/\/www.paranapraia.com.br\/?p=81844"},"modified":"2026-09-02T11:59:28","modified_gmt":"2026-09-02T14:59:28","slug":"agosto-verde-mobiliza-rede-municipal-de-guaratuba-em-acoes-de-valorizacao-da-primeira-infancia","status":"publish","type":"post","link":"https:\/\/www.paranapraia.com.br\/index.php\/2026\/09\/02\/agosto-verde-mobiliza-rede-municipal-de-guaratuba-em-acoes-de-valorizacao-da-primeira-infancia\/","title":{"rendered":"Agosto Verde mobiliza rede municipal de Guaratuba em a\u00e7\u00f5es de valoriza\u00e7\u00e3o da primeira inf\u00e2ncia"},"content":{"rendered":"\n<p>Durante o m\u00eas de agosto, a rede municipal de Educa\u00e7\u00e3o de Guaratuba realizou diversas atividades voltadas \u00e0 valoriza\u00e7\u00e3o e \u00e0 promo\u00e7\u00e3o dos direitos das crian\u00e7as, como parte do Agosto Verde, m\u00eas dedicado \u00e0 conscientiza\u00e7\u00e3o sobre a import\u00e2ncia da primeira inf\u00e2ncia.<\/p>\n\n\n\n<p>No CMEI Pingo de Gente, a programa\u00e7\u00e3o em comemora\u00e7\u00e3o ao Dia Nacional da Educa\u00e7\u00e3o Infantil contou, na sexta-feira (28), com apresenta\u00e7\u00f5es preparadas especialmente para os alunos. Entre as atividades estiveram o musical \u201cO Pano Encantado\u201d, \u201cO Xote da Dona Ema\u201d e a \u201cDan\u00e7a dos Patinhos\u201d, proporcionando \u00e0s crian\u00e7as momentos de intera\u00e7\u00e3o e express\u00e3o por meio da m\u00fasica e da dan\u00e7a.&nbsp;<\/p>\n\n\n\n<p>No CMEI Silmara Farias de Souza as crian\u00e7as participaram de atividades como Dia do Pijama, cineminha, piquenique, oficina de culin\u00e1ria e musicaliza\u00e7\u00e3o, em uma programa\u00e7\u00e3o que uniu brincadeiras, conviv\u00eancia e experi\u00eancias educativas.&nbsp;<\/p>\n\n\n\n<p>As a\u00e7\u00f5es de valoriza\u00e7\u00e3o da primeira inf\u00e2ncia tamb\u00e9m foram realizadas em outras unidades da rede municipal, envolvendo crian\u00e7as da Educa\u00e7\u00e3o Infantil e dos primeiros anos do Ensino Fundamental. Participaram da programa\u00e7\u00e3o as escolas municipais Vereador Heinz Wittitz, Sebasti\u00e3o Silveira de Souza, Governador Mois\u00e9s Lupion, Adolpho Vercesi, Professora Iraci Miranda Kruger, Professora Olga Silveira, Professora Juraci Luiza P. Corr\u00eaa, Professora Carla Carolina B. Jagielski e Doutor De Pl\u00e1cido e Silva.<\/p>\n\n\n\n<p>A mobiliza\u00e7\u00e3o das unidades integra as a\u00e7\u00f5es da Secretaria Municipal da Educa\u00e7\u00e3o para fortalecer o olhar sobre a primeira inf\u00e2ncia, valorizando o brincar, a conviv\u00eancia, a criatividade e as experi\u00eancias que contribuem para o desenvolvimento das crian\u00e7as.<\/p>\n\n\n\n<p>A programa\u00e7\u00e3o do Agosto Verde tamb\u00e9m contou com o Circuito da Primeira Inf\u00e2ncia, realizado no s\u00e1bado (29), no Centro de Eventos, reunindo crian\u00e7as e fam\u00edlias em atividades l\u00fadicas e educativas com o tema \u201cCuidar Hoje, Transformar o Amanh\u00e3\u201d. A iniciativa envolveu diferentes CMEIs e outros setores da Prefeitura.<\/p>\n","protected":false},"excerpt":{"rendered":"<p>Durante o m\u00eas de agosto, a rede municipal de Educa\u00e7\u00e3o de Guaratuba realizou diversas atividades voltadas \u00e0 valoriza\u00e7\u00e3o e \u00e0 promo\u00e7\u00e3o dos direitos das crian\u00e7as, como parte do Agosto Verde, m\u00eas dedicado \u00e0 conscientiza\u00e7\u00e3o sobre a import\u00e2ncia da primeira inf\u00e2ncia. No CMEI Pingo de Gente, a programa\u00e7\u00e3o em comemora\u00e7\u00e3o ao Dia Nacional da Educa\u00e7\u00e3o Infantil [&hellip;]<\/p>\n","protected":false},"author":2,"featured_media":81845,"comment_status":"open","ping_status":"open","sticky":false,"template":"","format":"standard","meta":{"advanced_seo_description":"","jetpack_seo_html_title":"","jetpack_seo_noindex":false,"_jetpack_memberships_contains_paid_content":false,"footnotes":""},"categories":[99],"tags":[],"class_list":{"0":"post-81844","1":"post","2":"type-post","3":"status-publish","4":"format-standard","5":"has-post-thumbnail","7":"category-guaratuba"},"jetpack_featured_media_url":"https:\/\/www.paranapraia.com.br\/wp-content\/uploads\/2026\/09\/noticia_6a9715116bb40.jpg","jetpack_sharing_enabled":true,"_links":{"self":[{"href":"https:\/\/www.paranapraia.com.br\/index.php\/wp-json\/wp\/v2\/posts\/81844"}],"collection":[{"href":"https:\/\/www.paranapraia.com.br\/index.php\/wp-json\/wp\/v2\/posts"}],"about":[{"href":"https:\/\/www.paranapraia.com.br\/index.php\/wp-json\/wp\/v2\/types\/post"}],"author":[{"embeddable":true,"href":"https:\/\/www.paranapraia.com.br\/index.php\/wp-json\/wp\/v2\/users\/2"}],"replies":[{"embeddable":true,"href":"https:\/\/www.paranapraia.com.br\/index.php\/wp-json\/wp\/v2\/comments?post=81844"}],"version-history":[{"count":1,"href":"https:\/\/www.paranapraia.com.br\/index.php\/wp-json\/wp\/v2\/posts\/81844\/revisions"}],"predecessor-version":[{"id":81846,"href":"https:\/\/www.paranapraia.com.br\/index.php\/wp-json\/wp\/v2\/posts\/81844\/revisions\/81846"}],"wp:featuredmedia":[{"embeddable":true,"href":"https:\/\/www.paranapraia.com.br\/index.php\/wp-json\/wp\/v2\/media\/81845"}],"wp:attachment":[{"href":"https:\/\/www.paranapraia.com.br\/index.php\/wp-json\/wp\/v2\/media?parent=81844"}],"wp:term":[{"taxonomy":"category","embeddable":true,"href":"https:\/\/www.paranapraia.com.br\/index.php\/wp-json\/wp\/v2\/categories?post=81844"},{"taxonomy":"post_tag","embeddable":true,"href":"https:\/\/www.paranapraia.com.br\/index.php\/wp-json\/wp\/v2\/tags?post=81844"}],"curies":[{"name":"wp","href":"https:\/\/api.w.org\/{rel}","templated":true}]}}