{"id":81829,"date":"2026-09-01T16:10:41","date_gmt":"2026-09-01T19:10:41","guid":{"rendered":"https:\/\/www.paranapraia.com.br\/?p=81829"},"modified":"2026-09-01T16:10:43","modified_gmt":"2026-09-01T19:10:43","slug":"pontal-do-parana-solenidade-marca-encerramento-dos-cursos-da-escola-de-governo","status":"publish","type":"post","link":"https:\/\/www.paranapraia.com.br\/index.php\/2026\/09\/01\/pontal-do-parana-solenidade-marca-encerramento-dos-cursos-da-escola-de-governo\/","title":{"rendered":"Pontal do Paran\u00e1: Solenidade marca encerramento dos cursos da Escola de Governo"},"content":{"rendered":"\n<p>O Centro Municipal de Capacita\u00e7\u00e3o recebeu, nesta segunda-feira (31), a solenidade de encerramento dos cursos do 1\u00ba semestre de 2026 da Escola de Governo de Pontal do Paran\u00e1. O evento contou com a entrega de certificados aos servidores que participaram das capacita\u00e7\u00f5es realizadas ao longo do per\u00edodo.<\/p>\n\n\n\n<p>Durante o semestre, aproximadamente 300 servidores participaram de cursos em diferentes \u00e1reas relacionadas \u00e0s atividades da administra\u00e7\u00e3o p\u00fablica. A programa\u00e7\u00e3o incluiu Ingl\u00eas B\u00e1sico, Espanhol para Iniciantes, Libras B\u00e1sico, Reda\u00e7\u00e3o e Escrita Oficial, Atendimento ao P\u00fablico e Cerimonial de Eventos, Neurodiversidade e Autismo, Programa de Sa\u00fade Mental e Qualifica Pontal, com forma\u00e7\u00f5es em Primeiros Socorros e Seguran\u00e7a do Trabalho.<\/p>\n\n\n\n<p>Para a superintendente da SUGESP (Superintend\u00eancia de Gest\u00e3o Estrat\u00e9gica e Suporte ao Servidor), Renata Marinho, a forma\u00e7\u00e3o contribui para o aprimoramento das atividades desenvolvidas pelos servidores.<\/p>\n\n\n\n<p>\u201cCada capacita\u00e7\u00e3o amplia conhecimentos que podem ser aplicados na rotina dos setores e no melhor atendimento \u00e0 popula\u00e7\u00e3o\u201d, destacou.<\/p>\n\n\n\n<p>Durante a solenidade, tamb\u00e9m foi realizada uma homenagem \u00e0s servidoras de carreira e rec\u00e9m-aposentadas Andrea de Cassia Alves Munster, professora, e Jacira Trancoso, agente operacional, em reconhecimento aos anos de atua\u00e7\u00e3o no servi\u00e7o p\u00fablico municipal.<\/p>\n\n\n\n<p>O prefeito Rud\u00e3o Gimenes destacou a participa\u00e7\u00e3o dos servidores nas forma\u00e7\u00f5es e a import\u00e2ncia da qualifica\u00e7\u00e3o para o atendimento \u00e0 popula\u00e7\u00e3o.<\/p>\n\n\n\n<p>\u201cVer tantos servidores participando e concluindo os cursos mostra que existe interesse em aprender e aprimorar o trabalho realizado no munic\u00edpio. A capacita\u00e7\u00e3o prepara o servidor para os desafios da rotina e contribui para um atendimento melhor \u00e0 popula\u00e7\u00e3o\u201d, afirmou.<\/p>\n\n\n\n<p>A solenidade contou com a presen\u00e7a do prefeito Rud\u00e3o Gimenes; da vice-prefeita Prof\u00aa Patr\u00edcia Millo Marcomini; da presidente da C\u00e2mara Municipal, vereadora Elinete Guimar\u00e3es; da vereadora Cleonice do Nascimento; da procuradora-geral do Munic\u00edpio, Dra. Verginia Pedroso; da diretora do Departamento de Recursos Humanos, Monalisa Rodrigues; da superintendente da SUGESP, Renata Marinho; do secret\u00e1rio de Seguran\u00e7a, Giovane Ros\u00e1rio, al\u00e9m de secret\u00e1rios municipais e outras autoridades.<\/p>\n\n\n\n<p>Ao final, os participantes participaram de um coffee break preparado por MEIs credenciados do munic\u00edpio, integrando a programa\u00e7\u00e3o de encerramento \u00e0s a\u00e7\u00f5es de incentivo ao empreendedorismo local.<\/p>\n\n\n\n<p>A Escola de Governo segue com a programa\u00e7\u00e3o de capacita\u00e7\u00f5es para servidores municipais, com novas oportunidades de forma\u00e7\u00e3o ao longo do ano.<\/p>\n\n\n\n<p>Fotos: Kahue Prieto\/ Tati Cavassin<\/p>\n","protected":false},"excerpt":{"rendered":"<p>O Centro Municipal de Capacita\u00e7\u00e3o recebeu, nesta segunda-feira (31), a solenidade de encerramento dos cursos do 1\u00ba semestre de 2026 da Escola de Governo de Pontal do Paran\u00e1. O evento contou com a entrega de certificados aos servidores que participaram das capacita\u00e7\u00f5es realizadas ao longo do per\u00edodo. Durante o semestre, aproximadamente 300 servidores participaram de [&hellip;]<\/p>\n","protected":false},"author":2,"featured_media":81830,"comment_status":"open","ping_status":"open","sticky":false,"template":"","format":"standard","meta":{"advanced_seo_description":"","jetpack_seo_html_title":"","jetpack_seo_noindex":false,"_jetpack_memberships_contains_paid_content":false,"footnotes":""},"categories":[65],"tags":[],"class_list":{"0":"post-81829","1":"post","2":"type-post","3":"status-publish","4":"format-standard","5":"has-post-thumbnail","7":"category-pontal-do-parana"},"jetpack_featured_media_url":"https:\/\/www.paranapraia.com.br\/wp-content\/uploads\/2026\/09\/WhatsApp-Image-2026-09-01-at-16.10.12.jpeg","jetpack_sharing_enabled":true,"_links":{"self":[{"href":"https:\/\/www.paranapraia.com.br\/index.php\/wp-json\/wp\/v2\/posts\/81829"}],"collection":[{"href":"https:\/\/www.paranapraia.com.br\/index.php\/wp-json\/wp\/v2\/posts"}],"about":[{"href":"https:\/\/www.paranapraia.com.br\/index.php\/wp-json\/wp\/v2\/types\/post"}],"author":[{"embeddable":true,"href":"https:\/\/www.paranapraia.com.br\/index.php\/wp-json\/wp\/v2\/users\/2"}],"replies":[{"embeddable":true,"href":"https:\/\/www.paranapraia.com.br\/index.php\/wp-json\/wp\/v2\/comments?post=81829"}],"version-history":[{"count":1,"href":"https:\/\/www.paranapraia.com.br\/index.php\/wp-json\/wp\/v2\/posts\/81829\/revisions"}],"predecessor-version":[{"id":81831,"href":"https:\/\/www.paranapraia.com.br\/index.php\/wp-json\/wp\/v2\/posts\/81829\/revisions\/81831"}],"wp:featuredmedia":[{"embeddable":true,"href":"https:\/\/www.paranapraia.com.br\/index.php\/wp-json\/wp\/v2\/media\/81830"}],"wp:attachment":[{"href":"https:\/\/www.paranapraia.com.br\/index.php\/wp-json\/wp\/v2\/media?parent=81829"}],"wp:term":[{"taxonomy":"category","embeddable":true,"href":"https:\/\/www.paranapraia.com.br\/index.php\/wp-json\/wp\/v2\/categories?post=81829"},{"taxonomy":"post_tag","embeddable":true,"href":"https:\/\/www.paranapraia.com.br\/index.php\/wp-json\/wp\/v2\/tags?post=81829"}],"curies":[{"name":"wp","href":"https:\/\/api.w.org\/{rel}","templated":true}]}}