{"id":81823,"date":"2026-09-01T10:03:10","date_gmt":"2026-09-01T13:03:10","guid":{"rendered":"https:\/\/www.paranapraia.com.br\/?p=81823"},"modified":"2026-09-01T10:03:12","modified_gmt":"2026-09-01T13:03:12","slug":"feira-do-agricultor-da-catedral-celebra-35-anos-de-tradicao-e-valorizacao-da-producao-local","status":"publish","type":"post","link":"https:\/\/www.paranapraia.com.br\/index.php\/2026\/09\/01\/feira-do-agricultor-da-catedral-celebra-35-anos-de-tradicao-e-valorizacao-da-producao-local\/","title":{"rendered":"Feira do Agricultor da Catedral celebra 35 anos de tradi\u00e7\u00e3o e valoriza\u00e7\u00e3o da produ\u00e7\u00e3o local"},"content":{"rendered":"\n<p>A manh\u00e3 de s\u00e1bado, dia 29, foi de celebra\u00e7\u00e3o para agricultores, pescadores, artes\u00e3os e consumidores que mant\u00eam viva uma das tradi\u00e7\u00f5es mais conhecidas de Paranagu\u00e1. A Feira do Agricultor da Catedral, realizada no Largo Iria Corr\u00eaa, no Centro Hist\u00f3rico, completou 35 anos de atividades com uma programa\u00e7\u00e3o especial e a presen\u00e7a da comunidade.<\/p>\n\n\n\n<p>O prefeito Adriano Ramos acompanhou a comemora\u00e7\u00e3o, que tamb\u00e9m contou com a participa\u00e7\u00e3o do secret\u00e1rio municipal de Cultura e Turismo (Secultur), Jos\u00e9 Reis de Freitas Neto, conhecido como Juca, da presidente do Grupo de Feirantes, Marileide dos Santos Alves, da vice-presidente, In\u00eas Aizawa Nunes, do senhor Daniel Gomes, um dos primeiros feirantes, morador da Col\u00f4nia Quintilha, do gerente regional do IDR-Paran\u00e1 (Instituto de Desenvolvimento Rural do Paran\u00e1) Emerson Gerstemberger e representantes da secretaria de Meio Ambiente, Desenvolvimento Rural e Pesca<br>Conhecida como Feirinha da Catedral, a feira re\u00fane semanalmente produtores de diferentes regi\u00f5es do munic\u00edpio e oferece frutas, verduras, legumes, pescados, p\u00e3es, bolos, doces, conservas, compotas, farinha, aipim, mel, produtos org\u00e2nicos, sucos, salgados e artesanato.<\/p>\n\n\n\n<p>Ao longo de tr\u00eas d\u00e9cadas e meia, o espa\u00e7o se consolidou como um ponto de encontro entre quem produz e quem compra, al\u00e9m de contribuir para a gera\u00e7\u00e3o de renda das fam\u00edlias que vivem da produ\u00e7\u00e3o rural, da pesca e do trabalho artesanal.<\/p>\n\n\n\n<p>Durante a comemora\u00e7\u00e3o, Juca destacou que valorizar a produ\u00e7\u00e3o local tamb\u00e9m significa fortalecer o turismo e a gastronomia de Paranagu\u00e1.<\/p>\n\n\n\n<p>\u201cN\u00e3o tem como falar de turismo sem falar de gastronomia. Aqui temos comida fresca, produtos que muitas vezes n\u00e3o encontramos no supermercado e um pescado de alta qualidade. Valorizar isso \u00e9 valorizar a nossa identidade e tamb\u00e9m criar oportunidades para quem produz\u201d, afirmou.<\/p>\n\n\n\n<p>O secret\u00e1rio tamb\u00e9m ressaltou a import\u00e2ncia de pol\u00edticas p\u00fablicas que contribuam para que atividades tradicionais permane\u00e7am ativas e gerem renda para as comunidades.<\/p>\n\n\n\n<p>\u201cQuando a gente leva a popula\u00e7\u00e3o para conhecer a nossa zona rural e os lugares onde esses produtos s\u00e3o feitos, tamb\u00e9m estamos gerando renda. O papel do poder p\u00fablico \u00e9 apoiar os produtores, melhorar a estrutura e criar condi\u00e7\u00f5es para que essas atividades continuem\u201d, destacou.&nbsp;<\/p>\n\n\n\n<p><strong>Uma vida dedicada \u00e0 feira<\/strong><br>Entre os feirantes que ajudaram a construir essa hist\u00f3ria est\u00e1 o agricultor Jurandir dos Santos, que participa da feira h\u00e1 33 anos. Para ele, a Feirinha da Catedral representa muito mais do que um espa\u00e7o de comercializa\u00e7\u00e3o.<\/p>\n\n\n\n<p>\u201cA feirinha \u00e9 a minha vida. \u00c9 o meu sustento, \u00e9 tudo o que tenho. Eu vim do Oeste do Paran\u00e1 quando tinha 7 anos, mas me considero um parnanguara. Constru\u00ed minha vida aqui e a feira faz parte dessa hist\u00f3ria\u201d, contou.<\/p>\n\n\n\n<p>A rela\u00e7\u00e3o constru\u00edda entre produtores e consumidores tamb\u00e9m ajuda a explicar a perman\u00eancia da feira ao longo dos anos. Maria Jose Morato frequenta o espa\u00e7o h\u00e1 cerca de 15 anos e mant\u00e9m o h\u00e1bito de visitar as barracas todos os s\u00e1bados.<\/p>\n\n\n\n<p>\u201cEu gosto de vir porque encontro produtos fresquinhos e de qualidade. A gente conhece os produtores, sabe de onde v\u00eam os alimentos e encontra op\u00e7\u00f5es que fazem diferen\u00e7a na alimenta\u00e7\u00e3o da fam\u00edlia. Vir \u00e0 feira j\u00e1 faz parte da minha rotina de s\u00e1bado\u201d, afirmou.<\/p>\n\n\n\n<p><strong>Tradi\u00e7\u00e3o que movimenta a economia local<\/strong><br>A estrutura da feira vem sendo aprimorada para atender produtores e consumidores. Durante o evento, Juca explicou que a Prefeitura de Paranagu\u00e1 trabalha de forma gradual na melhoria do espa\u00e7o, considerando as demandas apresentadas pelos feirantes e a necessidade de garantir melhores condi\u00e7\u00f5es para a exposi\u00e7\u00e3o e comercializa\u00e7\u00e3o dos produtos.<\/p>\n\n\n\n<p>Mais do que uma tradi\u00e7\u00e3o semanal, a Feirinha da Catedral representa uma importante conex\u00e3o entre a produ\u00e7\u00e3o local e a popula\u00e7\u00e3o. A comercializa\u00e7\u00e3o direta contribui para a renda das fam\u00edlias produtoras e permite que os consumidores tenham acesso a alimentos frescos, al\u00e9m de preservar conhecimentos e pr\u00e1ticas que fazem parte da identidade de Paranagu\u00e1.<\/p>\n\n\n\n<p>A Feira do Agricultor funciona aos s\u00e1bados, das 6h \u00e0s 12h, no Largo Iria Corr\u00eaa, nos fundos da Catedral Diocesana, no Centro Hist\u00f3rico. Aos 35 anos, a iniciativa mant\u00e9m sua ess\u00eancia: aproximar produtores e consumidores, fortalecer a produ\u00e7\u00e3o local e transformar a manh\u00e3 de s\u00e1bado em um espa\u00e7o de trabalho, conviv\u00eancia e valoriza\u00e7\u00e3o da cultura de Paranagu\u00e1.<\/p>\n","protected":false},"excerpt":{"rendered":"<p>A manh\u00e3 de s\u00e1bado, dia 29, foi de celebra\u00e7\u00e3o para agricultores, pescadores, artes\u00e3os e consumidores que mant\u00eam viva uma das tradi\u00e7\u00f5es mais conhecidas de Paranagu\u00e1. A Feira do Agricultor da Catedral, realizada no Largo Iria Corr\u00eaa, no Centro Hist\u00f3rico, completou 35 anos de atividades com uma programa\u00e7\u00e3o especial e a presen\u00e7a da comunidade. O prefeito [&hellip;]<\/p>\n","protected":false},"author":2,"featured_media":81824,"comment_status":"open","ping_status":"open","sticky":false,"template":"","format":"standard","meta":{"advanced_seo_description":"","jetpack_seo_html_title":"","jetpack_seo_noindex":false,"_jetpack_memberships_contains_paid_content":false,"footnotes":""},"categories":[77],"tags":[],"class_list":{"0":"post-81823","1":"post","2":"type-post","3":"status-publish","4":"format-standard","5":"has-post-thumbnail","7":"category-paranagua"},"jetpack_featured_media_url":"https:\/\/www.paranapraia.com.br\/wp-content\/uploads\/2026\/09\/29522.jpg","jetpack_sharing_enabled":true,"_links":{"self":[{"href":"https:\/\/www.paranapraia.com.br\/index.php\/wp-json\/wp\/v2\/posts\/81823"}],"collection":[{"href":"https:\/\/www.paranapraia.com.br\/index.php\/wp-json\/wp\/v2\/posts"}],"about":[{"href":"https:\/\/www.paranapraia.com.br\/index.php\/wp-json\/wp\/v2\/types\/post"}],"author":[{"embeddable":true,"href":"https:\/\/www.paranapraia.com.br\/index.php\/wp-json\/wp\/v2\/users\/2"}],"replies":[{"embeddable":true,"href":"https:\/\/www.paranapraia.com.br\/index.php\/wp-json\/wp\/v2\/comments?post=81823"}],"version-history":[{"count":1,"href":"https:\/\/www.paranapraia.com.br\/index.php\/wp-json\/wp\/v2\/posts\/81823\/revisions"}],"predecessor-version":[{"id":81825,"href":"https:\/\/www.paranapraia.com.br\/index.php\/wp-json\/wp\/v2\/posts\/81823\/revisions\/81825"}],"wp:featuredmedia":[{"embeddable":true,"href":"https:\/\/www.paranapraia.com.br\/index.php\/wp-json\/wp\/v2\/media\/81824"}],"wp:attachment":[{"href":"https:\/\/www.paranapraia.com.br\/index.php\/wp-json\/wp\/v2\/media?parent=81823"}],"wp:term":[{"taxonomy":"category","embeddable":true,"href":"https:\/\/www.paranapraia.com.br\/index.php\/wp-json\/wp\/v2\/categories?post=81823"},{"taxonomy":"post_tag","embeddable":true,"href":"https:\/\/www.paranapraia.com.br\/index.php\/wp-json\/wp\/v2\/tags?post=81823"}],"curies":[{"name":"wp","href":"https:\/\/api.w.org\/{rel}","templated":true}]}}