{"id":81820,"date":"2026-09-01T10:01:23","date_gmt":"2026-09-01T13:01:23","guid":{"rendered":"https:\/\/www.paranapraia.com.br\/?p=81820"},"modified":"2026-09-01T10:01:24","modified_gmt":"2026-09-01T13:01:24","slug":"paranagua-recebe-campori-day-com-cerca-de-600-desbravadores-no-aeroparque","status":"publish","type":"post","link":"https:\/\/www.paranapraia.com.br\/index.php\/2026\/09\/01\/paranagua-recebe-campori-day-com-cerca-de-600-desbravadores-no-aeroparque\/","title":{"rendered":"Paranagu\u00e1 recebe Campori Day com cerca de 600 Desbravadores no Aeroparque"},"content":{"rendered":"\n<p>O Aeroparque de Paranagu\u00e1 recebeu no domingo, dia 30, o Campori Day, encontro que reuniu cerca de 600 Desbravadores e lideran\u00e7as de sete munic\u00edpios do Litoral do Paran\u00e1. A atividade contou com apoio da Prefeitura de Paranagu\u00e1 e apresentou \u00e0 comunidade atividades de forma\u00e7\u00e3o, conviv\u00eancia, aventura e cidadania.<\/p>\n\n\n\n<p>Participaram clubes de Paranagu\u00e1, Antonina, Morretes, Guaraque\u00e7aba, Guaratuba, Matinhos e Pontal do Paran\u00e1, que integram a 8.\u00aa Regi\u00e3o de Desbravadores da Associa\u00e7\u00e3o Sul Paranaense (ASP).<\/p>\n\n\n\n<p>Durante o evento, o p\u00fablico acompanhou atividades como arco e flecha, tirolesa, brinquedos infl\u00e1veis, brincadeiras e a\u00e7\u00f5es sociais. A programa\u00e7\u00e3o tamb\u00e9m permitiu que moradores conhecessem de perto o trabalho desenvolvido pelos Desbravadores com crian\u00e7as e adolescentes.<\/p>\n\n\n\n<p>O Clube de Desbravadores atende jovens de 10 a 15 anos e promove atividades que contribuem para o desenvolvimento de habilidades, responsabilidade, conviv\u00eancia e participa\u00e7\u00e3o comunit\u00e1ria.<\/p>\n\n\n\n<p>O distrital do Clube de Desbravadores de Paranagu\u00e1, Airton D\u00f3blis Le\u00e3o Magno, explicou que o Campori Day levou para a cidade, em um \u00fanico dia, parte das experi\u00eancias vivenciadas nos grandes encontros do movimento.<\/p>\n\n\n\n<p>\u201c\u00c9 um projeto que acontece em v\u00e1rios lugares e n\u00f3s quisemos trazer para a cidade por um dia. Temos v\u00e1rias atividades que fazem parte do Campori para mostrar \u00e0 comunidade o que \u00e9 o Clube de Desbravadores\u201d, destacou.<\/p>\n\n\n\n<p>Airton tamb\u00e9m ressaltou o impacto das atividades na forma\u00e7\u00e3o dos jovens. \u201cEu fa\u00e7o parte do Clube de Desbravadores desde os 9 anos e hoje tenho 30. \u00c9 algo que mudou e muda a minha vida. Os Desbravadores ficam marcados na vida da pessoa\u201d, afirmou.<\/p>\n\n\n\n<p>Segundo ele, o projeto \u00e9 aberto \u00e0 participa\u00e7\u00e3o de crian\u00e7as e adolescentes, independentemente de fazerem parte da Igreja Adventista do S\u00e9timo Dia. Jovens entre 10 e 15 anos podem participar dos clubes, enquanto pessoas acima de 16 anos tamb\u00e9m podem integrar a diretoria e auxiliar nas atividades.<\/p>\n\n\n\n<p>Eros Henrique, que atua h\u00e1 mais de 30 anos com os Desbravadores e integra a lideran\u00e7a da regi\u00e3o, destacou a participa\u00e7\u00e3o dos munic\u00edpios do Litoral e o apoio recebido para a realiza\u00e7\u00e3o do encontro.<\/p>\n\n\n\n<p>\u201cEstamos com um grupo reunido hoje de mais ou menos 600 Desbravadores e l\u00edderes, tentando atingir um p\u00fablico de mais de mil pessoas com a comunidade. O objetivo \u00e9 preparar crian\u00e7as para o futuro, formar jovens de valores e mostrar o papel dos Desbravadores para a comunidade de Paranagu\u00e1\u201d, afirmou.<\/p>\n\n\n\n<p>A expectativa dos organizadores \u00e9 manter o Campori Day em Paranagu\u00e1 nos pr\u00f3ximos anos, ampliando a participa\u00e7\u00e3o e as atividades. Para a popula\u00e7\u00e3o, o encontro contribui para aproximar as fam\u00edlias de iniciativas voltadas \u00e0 forma\u00e7\u00e3o de crian\u00e7as e adolescentes e \u00e0 participa\u00e7\u00e3o comunit\u00e1ria.<\/p>\n","protected":false},"excerpt":{"rendered":"<p>O Aeroparque de Paranagu\u00e1 recebeu no domingo, dia 30, o Campori Day, encontro que reuniu cerca de 600 Desbravadores e lideran\u00e7as de sete munic\u00edpios do Litoral do Paran\u00e1. A atividade contou com apoio da Prefeitura de Paranagu\u00e1 e apresentou \u00e0 comunidade atividades de forma\u00e7\u00e3o, conviv\u00eancia, aventura e cidadania. Participaram clubes de Paranagu\u00e1, Antonina, Morretes, Guaraque\u00e7aba, [&hellip;]<\/p>\n","protected":false},"author":2,"featured_media":81821,"comment_status":"open","ping_status":"open","sticky":false,"template":"","format":"standard","meta":{"advanced_seo_description":"","jetpack_seo_html_title":"","jetpack_seo_noindex":false,"_jetpack_memberships_contains_paid_content":false,"footnotes":""},"categories":[77],"tags":[],"class_list":{"0":"post-81820","1":"post","2":"type-post","3":"status-publish","4":"format-standard","5":"has-post-thumbnail","7":"category-paranagua"},"jetpack_featured_media_url":"https:\/\/www.paranapraia.com.br\/wp-content\/uploads\/2026\/09\/29534.jpg","jetpack_sharing_enabled":true,"_links":{"self":[{"href":"https:\/\/www.paranapraia.com.br\/index.php\/wp-json\/wp\/v2\/posts\/81820"}],"collection":[{"href":"https:\/\/www.paranapraia.com.br\/index.php\/wp-json\/wp\/v2\/posts"}],"about":[{"href":"https:\/\/www.paranapraia.com.br\/index.php\/wp-json\/wp\/v2\/types\/post"}],"author":[{"embeddable":true,"href":"https:\/\/www.paranapraia.com.br\/index.php\/wp-json\/wp\/v2\/users\/2"}],"replies":[{"embeddable":true,"href":"https:\/\/www.paranapraia.com.br\/index.php\/wp-json\/wp\/v2\/comments?post=81820"}],"version-history":[{"count":1,"href":"https:\/\/www.paranapraia.com.br\/index.php\/wp-json\/wp\/v2\/posts\/81820\/revisions"}],"predecessor-version":[{"id":81822,"href":"https:\/\/www.paranapraia.com.br\/index.php\/wp-json\/wp\/v2\/posts\/81820\/revisions\/81822"}],"wp:featuredmedia":[{"embeddable":true,"href":"https:\/\/www.paranapraia.com.br\/index.php\/wp-json\/wp\/v2\/media\/81821"}],"wp:attachment":[{"href":"https:\/\/www.paranapraia.com.br\/index.php\/wp-json\/wp\/v2\/media?parent=81820"}],"wp:term":[{"taxonomy":"category","embeddable":true,"href":"https:\/\/www.paranapraia.com.br\/index.php\/wp-json\/wp\/v2\/categories?post=81820"},{"taxonomy":"post_tag","embeddable":true,"href":"https:\/\/www.paranapraia.com.br\/index.php\/wp-json\/wp\/v2\/tags?post=81820"}],"curies":[{"name":"wp","href":"https:\/\/api.w.org\/{rel}","templated":true}]}}