{"id":81817,"date":"2026-09-01T09:59:37","date_gmt":"2026-09-01T12:59:37","guid":{"rendered":"https:\/\/www.paranapraia.com.br\/?p=81817"},"modified":"2026-09-01T09:59:38","modified_gmt":"2026-09-01T12:59:38","slug":"varal-solidario-leva-acolhimento-e-solidariedade-a-diferentes-regioes-de-paranagua","status":"publish","type":"post","link":"https:\/\/www.paranapraia.com.br\/index.php\/2026\/09\/01\/varal-solidario-leva-acolhimento-e-solidariedade-a-diferentes-regioes-de-paranagua\/","title":{"rendered":"Varal Solid\u00e1rio leva acolhimento e solidariedade a diferentes regi\u00f5es de Paranagu\u00e1"},"content":{"rendered":"\n<p>A Prefeitura de Paranagu\u00e1, por meio da Secretaria Municipal da Mulher, Desenvolvimento Social e Igualdade Racial (Semdir), realiza mais uma edi\u00e7\u00e3o do Varal Solid\u00e1rio, iniciativa que promove acolhimento, solidariedade e acesso a roupas para pessoas que precisam.<\/p>\n\n\n\n<p>A primeira a\u00e7\u00e3o acontece nesta ter\u00e7a-feira (1\u00ba), no Terminal Urbano, das 10h \u00e0s 16h, com realiza\u00e7\u00e3o do Centro Integrado de Atendimento e Valoriza\u00e7\u00e3o \u00e0s Mulheres (CIAVAM).<\/p>\n\n\n\n<p>A programa\u00e7\u00e3o ter\u00e1 ainda uma segunda edi\u00e7\u00e3o no dia 8 de setembro, ampliando o atendimento para a regi\u00e3o do Nilson Neves. O Varal Solid\u00e1rio ser\u00e1 realizado das 8h \u00e0s 18h, na Subprefeitura Waldir Salmon, localizada na Avenida Bento Munhoz da Rocha Neto, no bairro Nilson Neves.<\/p>\n\n\n\n<p>A iniciativa busca facilitar o acesso da popula\u00e7\u00e3o \u00e0s pe\u00e7as disponibilizadas, fortalecendo uma rede de solidariedade e contribuindo para a promo\u00e7\u00e3o da dignidade e do bem-estar de quem necessita.<\/p>\n\n\n\n<p>Para a secret\u00e1ria interina da Semdir, Dirciane Ferreira Marques, o Varal Solid\u00e1rio representa uma a\u00e7\u00e3o de cuidado e aproxima\u00e7\u00e3o com a popula\u00e7\u00e3o.<\/p>\n\n\n\n<p>\u201cMais do que disponibilizar roupas, o Varal Solid\u00e1rio \u00e9 uma forma de acolher, ouvir e estar pr\u00f3ximo de quem precisa. Queremos fortalecer a solidariedade em nossa cidade e levar essa iniciativa para diferentes regi\u00f5es, facilitando o acesso da popula\u00e7\u00e3o\u201d, destaca.<\/p>\n\n\n\n<p>As a\u00e7\u00f5es refor\u00e7am o compromisso da Prefeitura de Paranagu\u00e1 com pol\u00edticas p\u00fablicas de acolhimento, inclus\u00e3o e promo\u00e7\u00e3o da dignidade, aproximando os servi\u00e7os e iniciativas da comunidade.<\/p>\n","protected":false},"excerpt":{"rendered":"<p>A Prefeitura de Paranagu\u00e1, por meio da Secretaria Municipal da Mulher, Desenvolvimento Social e Igualdade Racial (Semdir), realiza mais uma edi\u00e7\u00e3o do Varal Solid\u00e1rio, iniciativa que promove acolhimento, solidariedade e acesso a roupas para pessoas que precisam. A primeira a\u00e7\u00e3o acontece nesta ter\u00e7a-feira (1\u00ba), no Terminal Urbano, das 10h \u00e0s 16h, com realiza\u00e7\u00e3o do Centro [&hellip;]<\/p>\n","protected":false},"author":2,"featured_media":81818,"comment_status":"open","ping_status":"open","sticky":false,"template":"","format":"standard","meta":{"advanced_seo_description":"","jetpack_seo_html_title":"","jetpack_seo_noindex":false,"_jetpack_memberships_contains_paid_content":false,"footnotes":""},"categories":[77],"tags":[],"class_list":{"0":"post-81817","1":"post","2":"type-post","3":"status-publish","4":"format-standard","5":"has-post-thumbnail","7":"category-paranagua"},"jetpack_featured_media_url":"https:\/\/www.paranapraia.com.br\/wp-content\/uploads\/2026\/09\/29553.jpg","jetpack_sharing_enabled":true,"_links":{"self":[{"href":"https:\/\/www.paranapraia.com.br\/index.php\/wp-json\/wp\/v2\/posts\/81817"}],"collection":[{"href":"https:\/\/www.paranapraia.com.br\/index.php\/wp-json\/wp\/v2\/posts"}],"about":[{"href":"https:\/\/www.paranapraia.com.br\/index.php\/wp-json\/wp\/v2\/types\/post"}],"author":[{"embeddable":true,"href":"https:\/\/www.paranapraia.com.br\/index.php\/wp-json\/wp\/v2\/users\/2"}],"replies":[{"embeddable":true,"href":"https:\/\/www.paranapraia.com.br\/index.php\/wp-json\/wp\/v2\/comments?post=81817"}],"version-history":[{"count":1,"href":"https:\/\/www.paranapraia.com.br\/index.php\/wp-json\/wp\/v2\/posts\/81817\/revisions"}],"predecessor-version":[{"id":81819,"href":"https:\/\/www.paranapraia.com.br\/index.php\/wp-json\/wp\/v2\/posts\/81817\/revisions\/81819"}],"wp:featuredmedia":[{"embeddable":true,"href":"https:\/\/www.paranapraia.com.br\/index.php\/wp-json\/wp\/v2\/media\/81818"}],"wp:attachment":[{"href":"https:\/\/www.paranapraia.com.br\/index.php\/wp-json\/wp\/v2\/media?parent=81817"}],"wp:term":[{"taxonomy":"category","embeddable":true,"href":"https:\/\/www.paranapraia.com.br\/index.php\/wp-json\/wp\/v2\/categories?post=81817"},{"taxonomy":"post_tag","embeddable":true,"href":"https:\/\/www.paranapraia.com.br\/index.php\/wp-json\/wp\/v2\/tags?post=81817"}],"curies":[{"name":"wp","href":"https:\/\/api.w.org\/{rel}","templated":true}]}}