{"id":81814,"date":"2026-09-01T09:58:09","date_gmt":"2026-09-01T12:58:09","guid":{"rendered":"https:\/\/www.paranapraia.com.br\/?p=81814"},"modified":"2026-09-01T09:58:12","modified_gmt":"2026-09-01T12:58:12","slug":"paranagua-participa-de-congresso-brasileiro-com-projeto-destaque-voltado-a-moradia-e-preservacao-dos-manguezais","status":"publish","type":"post","link":"https:\/\/www.paranapraia.com.br\/index.php\/2026\/09\/01\/paranagua-participa-de-congresso-brasileiro-com-projeto-destaque-voltado-a-moradia-e-preservacao-dos-manguezais\/","title":{"rendered":"Paranagu\u00e1 participa de Congresso Brasileiro com projeto destaque voltado \u00e0 moradia e preserva\u00e7\u00e3o dos manguezais"},"content":{"rendered":"\n<p>Encontrar solu\u00e7\u00f5es para que as pessoas tenham moradia digna atrelada ao cuidado com o meio ambiente \u00e9 um dos desafios de uma cidade litor\u00e2nea como Paranagu\u00e1, que cresce e trabalha ao planejar o seu futuro. Foi com esse prop\u00f3sito, que o munic\u00edpio participou, de 25 a 27 de agosto, do 8.\u00ba Congresso Brasileiro de Habita\u00e7\u00e3o Social e Regulariza\u00e7\u00e3o Fundi\u00e1ria, realizado em Foz do Igua\u00e7u, Paran\u00e1.<\/p>\n\n\n\n<p>Na ocasi\u00e3o, Paranagu\u00e1 foi representada pela equipe da Secretaria Municipal de Desenvolvimento Econ\u00f4mico, Habita\u00e7\u00e3o e Regulariza\u00e7\u00e3o Fundi\u00e1ria (SEDEHAB).<\/p>\n\n\n\n<p>Durante o evento, o munic\u00edpio apresentou o projeto \u201cSolu\u00e7\u00f5es Sist\u00eamicas para Realoca\u00e7\u00e3o e Recupera\u00e7\u00e3o de Manguezais \u2013 Moradia Sustent\u00e1vel\u201d, uma iniciativa que colocou em discuss\u00e3o um tema diretamente ligado \u00e0 qualidade de vida da popula\u00e7\u00e3o: como garantir o direito \u00e0 moradia e promover um crescimento urbano sustent\u00e1vel.<\/p>\n\n\n\n<p>O projeto, apresentado pela secret\u00e1ria municipal de Desenvolvimento Econ\u00f4mico, Habita\u00e7\u00e3o e Regulariza\u00e7\u00e3o Fundi\u00e1ria, Leonice Lacerda, foi destaque entre os participantes do evento, o qual \u00e9 consolidado como o principal na \u00e1rea de Habita\u00e7\u00e3o de Interesse Social no Brasil.<\/p>\n\n\n\n<p>\u201cParticipar de um dos principais espa\u00e7os nacionais de discuss\u00e3o sobre habita\u00e7\u00e3o e regulariza\u00e7\u00e3o fundi\u00e1ria representa o reconhecimento do trabalho desenvolvido pelo munic\u00edpio e a oportunidade de apresentar Paranagu\u00e1 como uma cidade que busca solu\u00e7\u00f5es inovadoras, socialmente respons\u00e1veis e ambientalmente sustent\u00e1veis no \u00e2mbito da habita\u00e7\u00e3o\u201d, destacou a secret\u00e1ria.&nbsp;<\/p>\n\n\n\n<p>A participa\u00e7\u00e3o no Congresso possibilitou ainda, segundo a secret\u00e1ria, a troca de experi\u00eancias com outros munic\u00edpios, o conhecimento de boas pr\u00e1ticas nacionais e o fortalecimento de parcerias institucionais, contribuindo para o aprimoramento das pol\u00edticas habitacionais de Paranagu\u00e1.<\/p>\n\n\n\n<p><strong>Cuidar das pessoas e da cidade<\/strong><\/p>\n\n\n\n<p>O projeto \u201cSolu\u00e7\u00f5es Sist\u00eamicas para Realoca\u00e7\u00e3o e Recupera\u00e7\u00e3o de Manguezais\u201d prop\u00f4s uma abordagem humanizada para um desafio que envolve diferentes aspectos da cidade.&nbsp;<\/p>\n\n\n\n<p>A ideia \u00e9 buscar caminhos que permitam proteger as fam\u00edlias, promover moradia adequada e recuperar os manguezais, um dos patrim\u00f4nios naturais mais importantes do munic\u00edpio.<\/p>\n\n\n\n<p>A participa\u00e7\u00e3o no congresso tamb\u00e9m permitiu que Paranagu\u00e1 pudesse refor\u00e7ar a troca de experi\u00eancias desenvolvidas em outras cidades brasileiras e fortalecer parcerias que podem contribuir para melhorar as pol\u00edticas p\u00fablicas de habita\u00e7\u00e3o e regulariza\u00e7\u00e3o fundi\u00e1ria no munic\u00edpio.<\/p>\n","protected":false},"excerpt":{"rendered":"<p>Encontrar solu\u00e7\u00f5es para que as pessoas tenham moradia digna atrelada ao cuidado com o meio ambiente \u00e9 um dos desafios de uma cidade litor\u00e2nea como Paranagu\u00e1, que cresce e trabalha ao planejar o seu futuro. Foi com esse prop\u00f3sito, que o munic\u00edpio participou, de 25 a 27 de agosto, do 8.\u00ba Congresso Brasileiro de Habita\u00e7\u00e3o [&hellip;]<\/p>\n","protected":false},"author":2,"featured_media":81815,"comment_status":"open","ping_status":"open","sticky":false,"template":"","format":"standard","meta":{"advanced_seo_description":"","jetpack_seo_html_title":"","jetpack_seo_noindex":false,"_jetpack_memberships_contains_paid_content":false,"footnotes":""},"categories":[77],"tags":[],"class_list":{"0":"post-81814","1":"post","2":"type-post","3":"status-publish","4":"format-standard","5":"has-post-thumbnail","7":"category-paranagua"},"jetpack_featured_media_url":"https:\/\/www.paranapraia.com.br\/wp-content\/uploads\/2026\/09\/29549.jpg","jetpack_sharing_enabled":true,"_links":{"self":[{"href":"https:\/\/www.paranapraia.com.br\/index.php\/wp-json\/wp\/v2\/posts\/81814"}],"collection":[{"href":"https:\/\/www.paranapraia.com.br\/index.php\/wp-json\/wp\/v2\/posts"}],"about":[{"href":"https:\/\/www.paranapraia.com.br\/index.php\/wp-json\/wp\/v2\/types\/post"}],"author":[{"embeddable":true,"href":"https:\/\/www.paranapraia.com.br\/index.php\/wp-json\/wp\/v2\/users\/2"}],"replies":[{"embeddable":true,"href":"https:\/\/www.paranapraia.com.br\/index.php\/wp-json\/wp\/v2\/comments?post=81814"}],"version-history":[{"count":1,"href":"https:\/\/www.paranapraia.com.br\/index.php\/wp-json\/wp\/v2\/posts\/81814\/revisions"}],"predecessor-version":[{"id":81816,"href":"https:\/\/www.paranapraia.com.br\/index.php\/wp-json\/wp\/v2\/posts\/81814\/revisions\/81816"}],"wp:featuredmedia":[{"embeddable":true,"href":"https:\/\/www.paranapraia.com.br\/index.php\/wp-json\/wp\/v2\/media\/81815"}],"wp:attachment":[{"href":"https:\/\/www.paranapraia.com.br\/index.php\/wp-json\/wp\/v2\/media?parent=81814"}],"wp:term":[{"taxonomy":"category","embeddable":true,"href":"https:\/\/www.paranapraia.com.br\/index.php\/wp-json\/wp\/v2\/categories?post=81814"},{"taxonomy":"post_tag","embeddable":true,"href":"https:\/\/www.paranapraia.com.br\/index.php\/wp-json\/wp\/v2\/tags?post=81814"}],"curies":[{"name":"wp","href":"https:\/\/api.w.org\/{rel}","templated":true}]}}