{"id":81811,"date":"2026-09-01T09:54:00","date_gmt":"2026-09-01T12:54:00","guid":{"rendered":"https:\/\/www.paranapraia.com.br\/?p=81811"},"modified":"2026-09-01T09:54:03","modified_gmt":"2026-09-01T12:54:03","slug":"mes-do-patrimonio-historico-e-encerrado-com-reflexao-sobre-pertencimento-e-valorizacao-da-memoria-de-paranagua","status":"publish","type":"post","link":"https:\/\/www.paranapraia.com.br\/index.php\/2026\/09\/01\/mes-do-patrimonio-historico-e-encerrado-com-reflexao-sobre-pertencimento-e-valorizacao-da-memoria-de-paranagua\/","title":{"rendered":"M\u00eas do Patrim\u00f4nio Hist\u00f3rico \u00e9 encerrado com reflex\u00e3o sobre pertencimento e valoriza\u00e7\u00e3o da mem\u00f3ria de Paranagu\u00e1"},"content":{"rendered":"\n<p>A Secretaria Municipal de Cultura e Turismo (Secultur) encerrou, na \u00faltima sexta-feira, 28, na Esta\u00e7\u00e3o Ferrovi\u00e1ria, a programa\u00e7\u00e3o do M\u00eas do Patrim\u00f4nio Hist\u00f3rico de Paranagu\u00e1, que ao longo de agosto promoveu a\u00e7\u00f5es voltadas \u00e0 valoriza\u00e7\u00e3o da hist\u00f3ria, da cultura, das tradi\u00e7\u00f5es e da mem\u00f3ria da cidade.<\/p>\n\n\n\n<p>Com o tema \u201cMem\u00f3rias que nos unem. Patrim\u00f4nio que nos inspira&#8221;, a programa\u00e7\u00e3o de encerramento reuniu comunidade e convidados para uma noite de reflex\u00e3o sobre a import\u00e2ncia do patrim\u00f4nio hist\u00f3rico e cultural e o papel da popula\u00e7\u00e3o em sua preserva\u00e7\u00e3o.<\/p>\n\n\n\n<p>Um dos destaques da noite foi a palestra \u201cAntes do Tijolo, o Pertencimento: Como Reacender o Orgulho Local por Meio da Ocupa\u00e7\u00e3o e do Patroc\u00ednio do Nosso Patrim\u00f4nio\u201d, ministrada por Maria Aparecida Soukef Nasser. A palestrante abordou a import\u00e2ncia do sentimento de pertencimento como instrumento para aproximar a comunidade dos espa\u00e7os hist\u00f3ricos e fortalecer a responsabilidade coletiva pela preserva\u00e7\u00e3o da mem\u00f3ria.<\/p>\n\n\n\n<p>A proposta foi ampliar o olhar sobre o patrim\u00f4nio, mostrando que preservar a hist\u00f3ria vai al\u00e9m da conserva\u00e7\u00e3o de pr\u00e9dios e monumentos. O envolvimento da comunidade, a ocupa\u00e7\u00e3o dos espa\u00e7os e o conhecimento sobre a pr\u00f3pria trajet\u00f3ria s\u00e3o fundamentais para manter viva a identidade cultural de Paranagu\u00e1.<\/p>\n\n\n\n<p>O secret\u00e1rio municipal de Cultura e Turismo, Jos\u00e9 Reis de Freitas Neto, destacou a import\u00e2ncia do encerramento e o trabalho desenvolvido durante toda a programa\u00e7\u00e3o.&nbsp;<\/p>\n\n\n\n<p>\u201cEsse encerramento vai ficar na hist\u00f3ria. Temos trabalhos que a gente v\u00ea que t\u00eam a possibilidade de mudar a cara de Paranagu\u00e1 no mapa, transformando a cidade em uma refer\u00eancia, como um museu a c\u00e9u aberto\u201d, afirmou.<\/p>\n\n\n\n<p><strong>Educa\u00e7\u00e3o patrimonial<\/strong><\/p>\n\n\n\n<p>Durante a solenidade, tamb\u00e9m foi realizada a entrega simb\u00f3lica de 10 mil exemplares da Revista de Educa\u00e7\u00e3o Patrimonial, iniciativa do projeto Marco Zero. O material ser\u00e1 destinado tamb\u00e9m \u00e0s escolas estaduais e municipais, acompanhado de conte\u00fados audiovisuais que poder\u00e3o auxiliar professores nas atividades em sala de aula.<\/p>\n\n\n\n<p>O curador do projeto Marco Zero, F\u00e1bio Chedid, ressaltou a import\u00e2ncia de ampliar o debate sobre a preserva\u00e7\u00e3o e aproximar o patrim\u00f4nio da comunidade e das novas gera\u00e7\u00f5es.<\/p>\n\n\n\n<p>\u201cDurante todo esse m\u00eas de agosto, nas comemora\u00e7\u00f5es do Patrim\u00f4nio, foram levantados uma quantidade enorme de assuntos e temas relacionados \u00e0 preserva\u00e7\u00e3o do patrim\u00f4nio, desde objetos complexos at\u00e9 a uni\u00e3o com a comunidade. Somos do projeto Marco Zero, do resgate da Catedral Diocesana de Paranagu\u00e1 e, hoje, muito satisfeitos, estamos aqui na Esta\u00e7\u00e3o Ferrovi\u00e1ria fazendo uma entrega simb\u00f3lica de 10 mil exemplares da Revista de Educa\u00e7\u00e3o Patrimonial, que ser\u00e3o entregues tamb\u00e9m \u00e0s escolas estaduais e municipais, juntamente com material audiovisual para facilitar as aulas com os professores\u201d, afirmou F\u00e1bio Chedid.<\/p>\n\n\n\n<p>A iniciativa busca contribuir para que crian\u00e7as e jovens tenham maior contato com a hist\u00f3ria e o patrim\u00f4nio do munic\u00edpio, fortalecendo o conhecimento sobre os bens culturais e estimulando o sentimento de pertencimento desde a escola.<\/p>\n\n\n\n<p><strong>Cultura e mem\u00f3ria<\/strong><\/p>\n\n\n\n<p>A noite contou ainda com uma apresenta\u00e7\u00e3o musical da Sociedade Amigos da M\u00fasica, que marcou oficialmente o encerramento do M\u00eas do Patrim\u00f4nio Hist\u00f3rico. A apresenta\u00e7\u00e3o proporcionou ao p\u00fablico um momento especial de celebra\u00e7\u00e3o da cultura e da m\u00fasica, encerrando a programa\u00e7\u00e3o de agosto com arte e valoriza\u00e7\u00e3o da identidade cultural de Paranagu\u00e1.<\/p>\n\n\n\n<p>Ao longo do m\u00eas, a programa\u00e7\u00e3o promoveu palestras, rodas de conversa, visitas guiadas e atividades culturais que aproximaram a popula\u00e7\u00e3o da hist\u00f3ria e das tradi\u00e7\u00f5es de Paranagu\u00e1. As a\u00e7\u00f5es passaram por diferentes aspectos do patrim\u00f4nio, valorizando tanto os bens materiais quanto as manifesta\u00e7\u00f5es culturais, os saberes, as tradi\u00e7\u00f5es e as mem\u00f3rias que fazem parte da identidade parnanguara.<\/p>\n\n\n\n<p>O encerramento refor\u00e7ou a import\u00e2ncia de transformar o patrim\u00f4nio em um espa\u00e7o vivo, de conhecimento, conviv\u00eancia e pertencimento. Mais do que preservar pr\u00e9dios e monumentos, valorizar o patrim\u00f4nio significa reconhecer a hist\u00f3ria constru\u00edda por diferentes gera\u00e7\u00f5es e garantir que ela continue sendo conhecida e vivenciada pelas futuras gera\u00e7\u00f5es.<\/p>\n\n\n\n<p>Com a programa\u00e7\u00e3o, a Secultur refor\u00e7ou o compromisso de promover a\u00e7\u00f5es que aproximem a comunidade de seu patrim\u00f4nio e contribuam para que Paranagu\u00e1 valorize cada vez mais seu potencial hist\u00f3rico e cultural, fortalecendo a identidade da cidade e sua voca\u00e7\u00e3o para se tornar uma refer\u00eancia como museu a c\u00e9u aberto.<\/p>\n","protected":false},"excerpt":{"rendered":"<p>A Secretaria Municipal de Cultura e Turismo (Secultur) encerrou, na \u00faltima sexta-feira, 28, na Esta\u00e7\u00e3o Ferrovi\u00e1ria, a programa\u00e7\u00e3o do M\u00eas do Patrim\u00f4nio Hist\u00f3rico de Paranagu\u00e1, que ao longo de agosto promoveu a\u00e7\u00f5es voltadas \u00e0 valoriza\u00e7\u00e3o da hist\u00f3ria, da cultura, das tradi\u00e7\u00f5es e da mem\u00f3ria da cidade. Com o tema \u201cMem\u00f3rias que nos unem. Patrim\u00f4nio que [&hellip;]<\/p>\n","protected":false},"author":2,"featured_media":81812,"comment_status":"open","ping_status":"open","sticky":false,"template":"","format":"standard","meta":{"advanced_seo_description":"","jetpack_seo_html_title":"","jetpack_seo_noindex":false,"_jetpack_memberships_contains_paid_content":false,"footnotes":""},"categories":[77],"tags":[],"class_list":{"0":"post-81811","1":"post","2":"type-post","3":"status-publish","4":"format-standard","5":"has-post-thumbnail","7":"category-paranagua"},"jetpack_featured_media_url":"https:\/\/www.paranapraia.com.br\/wp-content\/uploads\/2026\/09\/29575-scaled.jpg","jetpack_sharing_enabled":true,"_links":{"self":[{"href":"https:\/\/www.paranapraia.com.br\/index.php\/wp-json\/wp\/v2\/posts\/81811"}],"collection":[{"href":"https:\/\/www.paranapraia.com.br\/index.php\/wp-json\/wp\/v2\/posts"}],"about":[{"href":"https:\/\/www.paranapraia.com.br\/index.php\/wp-json\/wp\/v2\/types\/post"}],"author":[{"embeddable":true,"href":"https:\/\/www.paranapraia.com.br\/index.php\/wp-json\/wp\/v2\/users\/2"}],"replies":[{"embeddable":true,"href":"https:\/\/www.paranapraia.com.br\/index.php\/wp-json\/wp\/v2\/comments?post=81811"}],"version-history":[{"count":1,"href":"https:\/\/www.paranapraia.com.br\/index.php\/wp-json\/wp\/v2\/posts\/81811\/revisions"}],"predecessor-version":[{"id":81813,"href":"https:\/\/www.paranapraia.com.br\/index.php\/wp-json\/wp\/v2\/posts\/81811\/revisions\/81813"}],"wp:featuredmedia":[{"embeddable":true,"href":"https:\/\/www.paranapraia.com.br\/index.php\/wp-json\/wp\/v2\/media\/81812"}],"wp:attachment":[{"href":"https:\/\/www.paranapraia.com.br\/index.php\/wp-json\/wp\/v2\/media?parent=81811"}],"wp:term":[{"taxonomy":"category","embeddable":true,"href":"https:\/\/www.paranapraia.com.br\/index.php\/wp-json\/wp\/v2\/categories?post=81811"},{"taxonomy":"post_tag","embeddable":true,"href":"https:\/\/www.paranapraia.com.br\/index.php\/wp-json\/wp\/v2\/tags?post=81811"}],"curies":[{"name":"wp","href":"https:\/\/api.w.org\/{rel}","templated":true}]}}