{"id":81792,"date":"2026-09-01T09:24:56","date_gmt":"2026-09-01T12:24:56","guid":{"rendered":"https:\/\/www.paranapraia.com.br\/?p=81792"},"modified":"2026-09-01T09:31:20","modified_gmt":"2026-09-01T12:31:20","slug":"circuito-ecocultural-do-guaraguacu-movimenta-pontal-do-parana","status":"publish","type":"post","link":"https:\/\/www.paranapraia.com.br\/index.php\/2026\/09\/01\/circuito-ecocultural-do-guaraguacu-movimenta-pontal-do-parana\/","title":{"rendered":"Circuito Ecocultural do Guaragua\u00e7u movimenta Pontal do Paran\u00e1"},"content":{"rendered":"\n<p>Caminhada de 10 quil\u00f4metros percorreu a Estrada Ecol\u00f3gica do Guaragua\u00e7u e trilhas em meio \u00e0 Mata Atl\u00e2ntica<\/p>\n\n\n\n<p>O Circuito Ecocultural do Guaragua\u00e7u reuniu 192 caminhantes no domingo (30), em Pontal do Paran\u00e1. A atividade teve concentra\u00e7\u00e3o a partir das 6h, junto \u00e0 escultura do Robalo, na Comunidade do Guaragua\u00e7u, e levou os participantes por um percurso de aproximadamente 10 quil\u00f4metros entre estrada ecol\u00f3gica, trilhas e \u00e1reas de Mata Atl\u00e2ntica.<\/p>\n\n\n\n<p>A programa\u00e7\u00e3o come\u00e7ou com o deslocamento de barco pelo Rio Guaragua\u00e7u at\u00e9 o ponto de largada da caminhada. Durante o trajeto, os participantes puderam observar diferentes ambientes naturais da regi\u00e3o e acompanhar as paisagens ao longo do rio.<\/p>\n\n\n\n<p>Na sequ\u00eancia, os caminhantes percorreram a Estrada Ecol\u00f3gica do Guaragua\u00e7u e trilhas da comunidade. Mesmo com a chuva durante a atividade, os participantes seguiram o percurso e aproveitaram as paisagens encontradas ao longo do caminho.<\/p>\n\n\n\n<p>A secret\u00e1ria municipal de Turismo e Desenvolvimento Econ\u00f4mico, Luciana Goldschmidt Costa, participou da caminhada junto com a equipe da Secretaria de Turismo e destacou a atua\u00e7\u00e3o da pasta durante a programa\u00e7\u00e3o.<\/p>\n\n\n\n<p>\u201cPara a Secretaria de Turismo, participar do Circuito junto com a nossa equipe \u00e9 uma forma de acompanhar de perto a atividade, receber os caminhantes e apresentar um pouco do que o Guaragua\u00e7u oferece. A chuva fez parte do percurso, mas n\u00e3o afastou os participantes, que seguiram a caminhada e puderam aproveitar as paisagens do local\u201d, afirmou.<\/p>\n\n\n\n<p>O Circuito Ecocultural do Guaragua\u00e7u \u00e9 realizado pela Prefeitura de Pontal do Paran\u00e1, por meio da Secretaria Municipal de Turismo e Desenvolvimento Econ\u00f4mico, em parceria com o Instituto de Desenvolvimento Rural do Paran\u00e1 (IDR), o Ecobooking \u2013 Sistema de Gest\u00e3o de Turismo e o programa Caminhadas na Natureza Paran\u00e1.<\/p>\n\n\n\n<p>A atividade integra a programa\u00e7\u00e3o de caminhadas realizadas no munic\u00edpio e proporciona aos participantes a oportunidade de conhecer diferentes \u00e1reas e paisagens de Pontal do Paran\u00e1.<\/p>\n\n\n\n<p>Mais Fotos no link: <a href=\"https:\/\/ndesnfn2.alboompro.com\/proof\/s\/caminhada-na-natureza-guaraguacu?fbclid=IwcGRvZgFleHRuA2FlbQIxMABicmlkETFOVXBrbm9FdUVtSUVZNFFhc3J0YwZhcHBfaWQQMjIyMDM5MTc4ODIwMDg5MgABHufUEYBDazga53sO8xx2dUlaFdzGMviuXFPJruJIcx_Eq4BiVT1iqLK9yhum_aem_wBGEDbnhLeg30JzeQGG-mA\" rel=\"noreferrer noopener\" target=\"_blank\">https:\/\/ndesnfn2.alboompro.com\/&#8230;\/caminhada-na-natureza&#8230;<\/a><\/p>\n\n\n\n<p>Fotos: Anderson Franco<\/p>\n","protected":false},"excerpt":{"rendered":"<p>Caminhada de 10 quil\u00f4metros percorreu a Estrada Ecol\u00f3gica do Guaragua\u00e7u e trilhas em meio \u00e0 Mata Atl\u00e2ntica O Circuito Ecocultural do Guaragua\u00e7u reuniu 192 caminhantes no domingo (30), em Pontal do Paran\u00e1. A atividade teve concentra\u00e7\u00e3o a partir das 6h, junto \u00e0 escultura do Robalo, na Comunidade do Guaragua\u00e7u, e levou os participantes por um [&hellip;]<\/p>\n","protected":false},"author":2,"featured_media":81793,"comment_status":"open","ping_status":"open","sticky":false,"template":"","format":"standard","meta":{"advanced_seo_description":"","jetpack_seo_html_title":"","jetpack_seo_noindex":false,"_jetpack_memberships_contains_paid_content":false,"footnotes":""},"categories":[65],"tags":[],"class_list":{"0":"post-81792","1":"post","2":"type-post","3":"status-publish","4":"format-standard","5":"has-post-thumbnail","7":"category-pontal-do-parana"},"jetpack_featured_media_url":"https:\/\/www.paranapraia.com.br\/wp-content\/uploads\/2026\/09\/WhatsApp-Image-2026-09-01-at-09.23.21.jpeg","jetpack_sharing_enabled":true,"_links":{"self":[{"href":"https:\/\/www.paranapraia.com.br\/index.php\/wp-json\/wp\/v2\/posts\/81792"}],"collection":[{"href":"https:\/\/www.paranapraia.com.br\/index.php\/wp-json\/wp\/v2\/posts"}],"about":[{"href":"https:\/\/www.paranapraia.com.br\/index.php\/wp-json\/wp\/v2\/types\/post"}],"author":[{"embeddable":true,"href":"https:\/\/www.paranapraia.com.br\/index.php\/wp-json\/wp\/v2\/users\/2"}],"replies":[{"embeddable":true,"href":"https:\/\/www.paranapraia.com.br\/index.php\/wp-json\/wp\/v2\/comments?post=81792"}],"version-history":[{"count":2,"href":"https:\/\/www.paranapraia.com.br\/index.php\/wp-json\/wp\/v2\/posts\/81792\/revisions"}],"predecessor-version":[{"id":81798,"href":"https:\/\/www.paranapraia.com.br\/index.php\/wp-json\/wp\/v2\/posts\/81792\/revisions\/81798"}],"wp:featuredmedia":[{"embeddable":true,"href":"https:\/\/www.paranapraia.com.br\/index.php\/wp-json\/wp\/v2\/media\/81793"}],"wp:attachment":[{"href":"https:\/\/www.paranapraia.com.br\/index.php\/wp-json\/wp\/v2\/media?parent=81792"}],"wp:term":[{"taxonomy":"category","embeddable":true,"href":"https:\/\/www.paranapraia.com.br\/index.php\/wp-json\/wp\/v2\/categories?post=81792"},{"taxonomy":"post_tag","embeddable":true,"href":"https:\/\/www.paranapraia.com.br\/index.php\/wp-json\/wp\/v2\/tags?post=81792"}],"curies":[{"name":"wp","href":"https:\/\/api.w.org\/{rel}","templated":true}]}}