{"id":81786,"date":"2026-08-31T10:21:14","date_gmt":"2026-08-31T13:21:14","guid":{"rendered":"https:\/\/www.paranapraia.com.br\/?p=81786"},"modified":"2026-08-31T10:21:16","modified_gmt":"2026-08-31T13:21:16","slug":"psicologas-da-prefeitura-de-guaratuba-participam-de-capacitacao-para-atendimento-em-emergencias-e-desastres","status":"publish","type":"post","link":"https:\/\/www.paranapraia.com.br\/index.php\/2026\/08\/31\/psicologas-da-prefeitura-de-guaratuba-participam-de-capacitacao-para-atendimento-em-emergencias-e-desastres\/","title":{"rendered":"Psic\u00f3logas da Prefeitura de Guaratuba participam de capacita\u00e7\u00e3o para atendimento em emerg\u00eancias e desastres"},"content":{"rendered":"\n<p>Nos \u00faltimos dias 07, 21 e 22 de agosto, psic\u00f3logas da Secretaria Municipal da Sa\u00fade de Guaratuba, participaram de um curso de capacita\u00e7\u00e3o para atua\u00e7\u00e3o profissional de psicologia em emerg\u00eancias e desastres promovido pela Comiss\u00e3o de Crises, Emerg\u00eancias e Desastres do Conselho Regional de Psicologia do Paran\u00e1 (CRP-PR), realizado em Curitiba.<\/p>\n\n\n\n<p>Participaram do curso as profissionais Simone Muller, Let\u00edcia Hrentchechen, Denise Gaedke e Camila Dias. Essa capacita\u00e7\u00e3o integra o Plano de Conting\u00eancia da Secretaria Municipal da Sa\u00fade e tem como objetivo preparar essas profissionais da rede p\u00fablica municipal para atua\u00e7\u00e3o em situa\u00e7\u00f5es que s\u00e3o cada vez mais recorrentes como emerg\u00eancias, crises e desastres. A iniciativa busca o desenvolvimento de compet\u00eancias t\u00e9cnicas, \u00e9ticas e pr\u00e1ticas para o planejamento, execu\u00e7\u00e3o e avalia\u00e7\u00e3o de interven\u00e7\u00f5es psicossociais, incluindo a aplica\u00e7\u00e3o dos Primeiros Socorros Psicol\u00f3gicos (PSP).<\/p>\n\n\n\n<p>Com o aumento da frequ\u00eancia e da intensidade de eventos como desastres naturais, acidentes tecnol\u00f3gicos, crises humanit\u00e1rias, emerg\u00eancias em sa\u00fade p\u00fablica e outros eventos cr\u00edticos, as psic\u00f3logas tiveram a oportunidade de ampliar os conhecimentos atrav\u00e9s desse curso para uma atua\u00e7\u00e3o qualificada, \u00e9tica e integrada, fortalecendo as compet\u00eancias t\u00e9cnicas dos profissionais e contribuindo para a redu\u00e7\u00e3o dos impactos psicossociais decorrentes dessas situa\u00e7\u00f5es.<\/p>\n\n\n\n<p>\u201cFoi uma experi\u00eancia muito importante de aprendizado, reflex\u00e3o e troca de experi\u00eancias. A capacita\u00e7\u00e3o refor\u00e7ou a import\u00e2ncia do preparo, da organiza\u00e7\u00e3o, da comunica\u00e7\u00e3o e do trabalho em equipe diante de situa\u00e7\u00f5es inesperadas. Tamb\u00e9m foi muito significativo refletir sobre os impactos emocionais e sociais dos desastres e sobre o papel da psicologia no acolhimento e cuidado das pessoas nesses momentos. Nos sentimos mais preparadas, conscientes e cada vez mais comprometidas com um cuidado humanizado e respons\u00e1vel\u201d, avalia a psic\u00f3loga Let\u00edcia Hrentchechen.<\/p>\n\n\n\n<p>A programa\u00e7\u00e3o contou com atividades te\u00f3ricas e pr\u00e1ticas, estudos de caso, simula\u00e7\u00f5es e discuss\u00f5es sobre protocolos de atua\u00e7\u00e3o, comunica\u00e7\u00e3o em situa\u00e7\u00f5es cr\u00edticas, autocuidado profissional e aspectos \u00e9ticos da pr\u00e1tica psicol\u00f3gica nesses contextos extremos de emerg\u00eancias.<\/p>\n","protected":false},"excerpt":{"rendered":"<p>Nos \u00faltimos dias 07, 21 e 22 de agosto, psic\u00f3logas da Secretaria Municipal da Sa\u00fade de Guaratuba, participaram de um curso de capacita\u00e7\u00e3o para atua\u00e7\u00e3o profissional de psicologia em emerg\u00eancias e desastres promovido pela Comiss\u00e3o de Crises, Emerg\u00eancias e Desastres do Conselho Regional de Psicologia do Paran\u00e1 (CRP-PR), realizado em Curitiba. Participaram do curso as [&hellip;]<\/p>\n","protected":false},"author":2,"featured_media":81787,"comment_status":"open","ping_status":"open","sticky":false,"template":"","format":"standard","meta":{"advanced_seo_description":"","jetpack_seo_html_title":"","jetpack_seo_noindex":false,"_jetpack_memberships_contains_paid_content":false,"footnotes":""},"categories":[99],"tags":[],"class_list":{"0":"post-81786","1":"post","2":"type-post","3":"status-publish","4":"format-standard","5":"has-post-thumbnail","7":"category-guaratuba"},"jetpack_featured_media_url":"https:\/\/www.paranapraia.com.br\/wp-content\/uploads\/2026\/08\/noticia_6a91db56cf63c.jpg","jetpack_sharing_enabled":true,"_links":{"self":[{"href":"https:\/\/www.paranapraia.com.br\/index.php\/wp-json\/wp\/v2\/posts\/81786"}],"collection":[{"href":"https:\/\/www.paranapraia.com.br\/index.php\/wp-json\/wp\/v2\/posts"}],"about":[{"href":"https:\/\/www.paranapraia.com.br\/index.php\/wp-json\/wp\/v2\/types\/post"}],"author":[{"embeddable":true,"href":"https:\/\/www.paranapraia.com.br\/index.php\/wp-json\/wp\/v2\/users\/2"}],"replies":[{"embeddable":true,"href":"https:\/\/www.paranapraia.com.br\/index.php\/wp-json\/wp\/v2\/comments?post=81786"}],"version-history":[{"count":1,"href":"https:\/\/www.paranapraia.com.br\/index.php\/wp-json\/wp\/v2\/posts\/81786\/revisions"}],"predecessor-version":[{"id":81788,"href":"https:\/\/www.paranapraia.com.br\/index.php\/wp-json\/wp\/v2\/posts\/81786\/revisions\/81788"}],"wp:featuredmedia":[{"embeddable":true,"href":"https:\/\/www.paranapraia.com.br\/index.php\/wp-json\/wp\/v2\/media\/81787"}],"wp:attachment":[{"href":"https:\/\/www.paranapraia.com.br\/index.php\/wp-json\/wp\/v2\/media?parent=81786"}],"wp:term":[{"taxonomy":"category","embeddable":true,"href":"https:\/\/www.paranapraia.com.br\/index.php\/wp-json\/wp\/v2\/categories?post=81786"},{"taxonomy":"post_tag","embeddable":true,"href":"https:\/\/www.paranapraia.com.br\/index.php\/wp-json\/wp\/v2\/tags?post=81786"}],"curies":[{"name":"wp","href":"https:\/\/api.w.org\/{rel}","templated":true}]}}