{"id":81783,"date":"2026-08-31T10:18:45","date_gmt":"2026-08-31T13:18:45","guid":{"rendered":"https:\/\/www.paranapraia.com.br\/?p=81783"},"modified":"2026-08-31T10:19:17","modified_gmt":"2026-08-31T13:19:17","slug":"paranagua-inicia-coleta-do-teste-de-dna-hpv-na-atencao-primaria","status":"publish","type":"post","link":"https:\/\/www.paranapraia.com.br\/index.php\/2026\/08\/31\/paranagua-inicia-coleta-do-teste-de-dna-hpv-na-atencao-primaria\/","title":{"rendered":"Paranagu\u00e1 inicia coleta do teste de DNA-HPV na Aten\u00e7\u00e3o Prim\u00e1ria"},"content":{"rendered":"\n<p>A Secretaria Municipal de Sa\u00fade de Paranagu\u00e1 iniciou, na quinta-feira (27), a coleta do teste molecular de DNA-HPV na Unidade B\u00e1sica de Sa\u00fade (UBS) Emir Roth. A iniciativa marca o in\u00edcio da implanta\u00e7\u00e3o do novo m\u00e9todo de rastreamento do c\u00e2ncer do colo do \u00fatero na Aten\u00e7\u00e3o Prim\u00e1ria do munic\u00edpio. A oferta ser\u00e1 ampliada gradualmente para as demais unidades de sa\u00fade, conforme a chegada dos kits disponibilizados para a realiza\u00e7\u00e3o do exame.<\/p>\n\n\n\n<p>O teste de DNA-HPV permite identificar a presen\u00e7a do papilomav\u00edrus humano (HPV), principal fator relacionado ao desenvolvimento do c\u00e2ncer do colo do \u00fatero, antes mesmo do aparecimento de les\u00f5es ou sintomas. A nova tecnologia passa a substituir gradualmente o exame citopatol\u00f3gico, conhecido popularmente como Papanicolau.<\/p>\n\n\n\n<p>De acordo com a m\u00e9dica ginecologista da rede municipal, Davielle Vinha de Santos Machado, que atua h\u00e1 23 anos no munic\u00edpio, a mudan\u00e7a representa uma nova etapa no rastreamento da doen\u00e7a.<\/p>\n\n\n\n<p>\u201cEsse \u00e9 um exame que veio por meio de um programa do SUS e que tem uma especificidade melhor. O objetivo \u00e9 diminuir o risco e, principalmente, a mortalidade por c\u00e2ncer do colo do \u00fatero.\u201d<\/p>\n\n\n\n<p>Segundo a m\u00e9dica, o novo exame utiliza uma metodologia baseada na pesquisa do DNA do HPV por PCR. Diferentemente do acompanhamento realizado anteriormente, em que a coleta do exame citopatol\u00f3gico era feita anualmente, o teste de DNA-HPV, quando apresenta resultado negativo, permite que o pr\u00f3ximo rastreamento seja realizado em um intervalo de cinco anos.<\/p>\n\n\n\n<p>Nos casos em que h\u00e1 resultado positivo para determinados tipos de HPV, a paciente segue em acompanhamento conforme a necessidade cl\u00ednica, com a realiza\u00e7\u00e3o de exames complementares e monitoramento peri\u00f3dico.<\/p>\n\n\n\n<p>A implanta\u00e7\u00e3o em Paranagu\u00e1 ocorre de forma progressiva. Inicialmente, a UBS Emir Roth realiza a coleta e, posteriormente, outras unidades ser\u00e3o incorporadas ao servi\u00e7o conforme a disponibilidade dos kits.<\/p>\n\n\n\n<p>Para o secret\u00e1rio municipal de Sa\u00fade, Daniel Fangueiro, a implanta\u00e7\u00e3o do teste representa um avan\u00e7o na oferta de servi\u00e7os de sa\u00fade para as mulheres de Paranagu\u00e1.<\/p>\n\n\n\n<p>\u201cA implanta\u00e7\u00e3o do teste de DNA-HPV representa um avan\u00e7o importante para a sa\u00fade das mulheres de Paranagu\u00e1. Estamos ampliando o acesso a uma tecnologia que permite um rastreamento mais preciso e contribui para a identifica\u00e7\u00e3o precoce do HPV. Iniciamos pela UBS Emir Roth e, de forma gradual, vamos levar esse servi\u00e7o para outras unidades do munic\u00edpio, fortalecendo cada vez mais a Aten\u00e7\u00e3o Prim\u00e1ria e o cuidado com a sa\u00fade da mulher.\u201d<\/p>\n\n\n\n<p><strong>Primeiras pacientes realizam o novo exame<\/strong><\/p>\n\n\n\n<p>A cabeleireira Ana Regina Gon\u00e7alves Maia, paciente da UBS Emir Roth, foi uma das primeiras mulheres a realizar a coleta do novo exame na unidade. Ela destacou a import\u00e2ncia de aproveitar a oportunidade para cuidar da pr\u00f3pria sa\u00fade.<\/p>\n\n\n\n<p>\u201cComo \u00e9 um procedimento novo, eu vim at\u00e9 aqui para fazer. \u00c9 importante a gente cuidar da nossa sa\u00fade e realizar os exames. Foi muito bom e fui muito bem atendida pelos profissionais.\u201d<\/p>\n\n\n\n<p>A mudan\u00e7a faz parte da atualiza\u00e7\u00e3o das estrat\u00e9gias de rastreamento do c\u00e2ncer do colo do \u00fatero no Sistema \u00danico de Sa\u00fade (SUS), com foco na identifica\u00e7\u00e3o do HPV e no acompanhamento adequado das mulheres que apresentarem resultado positivo.<\/p>\n\n\n\n<p>O p\u00fablico-alvo do rastreamento \u00e9 formado por mulheres de 25 a 64 anos. Neste momento inicial de implanta\u00e7\u00e3o, a Secretaria Municipal de Sa\u00fade orienta que procurem a unidade de sa\u00fade prioritariamente as mulheres que nunca realizaram a coleta ou que est\u00e3o h\u00e1 tr\u00eas anos ou mais sem realizar o exame.<\/p>\n\n\n\n<p>Com a amplia\u00e7\u00e3o do servi\u00e7o para toda a rede municipal, as mulheres que fazem parte do p\u00fablico-alvo poder\u00e3o buscar orienta\u00e7\u00f5es com a enfermeira respons\u00e1vel pela \u00e1rea de abrang\u00eancia ou com o Agente Comunit\u00e1rio de Sa\u00fade (ACS) de sua regi\u00e3o sobre a disponibilidade e a realiza\u00e7\u00e3o do exame.<\/p>\n","protected":false},"excerpt":{"rendered":"<p>A Secretaria Municipal de Sa\u00fade de Paranagu\u00e1 iniciou, na quinta-feira (27), a coleta do teste molecular de DNA-HPV na Unidade B\u00e1sica de Sa\u00fade (UBS) Emir Roth. A iniciativa marca o in\u00edcio da implanta\u00e7\u00e3o do novo m\u00e9todo de rastreamento do c\u00e2ncer do colo do \u00fatero na Aten\u00e7\u00e3o Prim\u00e1ria do munic\u00edpio. A oferta ser\u00e1 ampliada gradualmente para [&hellip;]<\/p>\n","protected":false},"author":2,"featured_media":81784,"comment_status":"open","ping_status":"open","sticky":false,"template":"","format":"standard","meta":{"advanced_seo_description":"","jetpack_seo_html_title":"","jetpack_seo_noindex":false,"_jetpack_memberships_contains_paid_content":false,"footnotes":""},"categories":[77],"tags":[],"class_list":{"0":"post-81783","1":"post","2":"type-post","3":"status-publish","4":"format-standard","5":"has-post-thumbnail","7":"category-paranagua"},"jetpack_featured_media_url":"https:\/\/www.paranapraia.com.br\/wp-content\/uploads\/2026\/08\/29511-scaled.jpg","jetpack_sharing_enabled":true,"_links":{"self":[{"href":"https:\/\/www.paranapraia.com.br\/index.php\/wp-json\/wp\/v2\/posts\/81783"}],"collection":[{"href":"https:\/\/www.paranapraia.com.br\/index.php\/wp-json\/wp\/v2\/posts"}],"about":[{"href":"https:\/\/www.paranapraia.com.br\/index.php\/wp-json\/wp\/v2\/types\/post"}],"author":[{"embeddable":true,"href":"https:\/\/www.paranapraia.com.br\/index.php\/wp-json\/wp\/v2\/users\/2"}],"replies":[{"embeddable":true,"href":"https:\/\/www.paranapraia.com.br\/index.php\/wp-json\/wp\/v2\/comments?post=81783"}],"version-history":[{"count":1,"href":"https:\/\/www.paranapraia.com.br\/index.php\/wp-json\/wp\/v2\/posts\/81783\/revisions"}],"predecessor-version":[{"id":81785,"href":"https:\/\/www.paranapraia.com.br\/index.php\/wp-json\/wp\/v2\/posts\/81783\/revisions\/81785"}],"wp:featuredmedia":[{"embeddable":true,"href":"https:\/\/www.paranapraia.com.br\/index.php\/wp-json\/wp\/v2\/media\/81784"}],"wp:attachment":[{"href":"https:\/\/www.paranapraia.com.br\/index.php\/wp-json\/wp\/v2\/media?parent=81783"}],"wp:term":[{"taxonomy":"category","embeddable":true,"href":"https:\/\/www.paranapraia.com.br\/index.php\/wp-json\/wp\/v2\/categories?post=81783"},{"taxonomy":"post_tag","embeddable":true,"href":"https:\/\/www.paranapraia.com.br\/index.php\/wp-json\/wp\/v2\/tags?post=81783"}],"curies":[{"name":"wp","href":"https:\/\/api.w.org\/{rel}","templated":true}]}}