{"id":81780,"date":"2026-08-31T10:16:52","date_gmt":"2026-08-31T13:16:52","guid":{"rendered":"https:\/\/www.paranapraia.com.br\/?p=81780"},"modified":"2026-08-31T10:16:54","modified_gmt":"2026-08-31T13:16:54","slug":"segunda-edicao-do-aquece-morretes-atende-mais-de-100-pessoas-com-roupas-alimentos-e-itens-de-protecao-contra-o-frio","status":"publish","type":"post","link":"https:\/\/www.paranapraia.com.br\/index.php\/2026\/08\/31\/segunda-edicao-do-aquece-morretes-atende-mais-de-100-pessoas-com-roupas-alimentos-e-itens-de-protecao-contra-o-frio\/","title":{"rendered":"Segunda edi\u00e7\u00e3o do Aquece Morretes atende mais de 100 pessoas com roupas, alimentos e itens de prote\u00e7\u00e3o contra o frio"},"content":{"rendered":"\n<p>Mais de 100 pessoas participaram nesta sexta-feira (28) da segunda edi\u00e7\u00e3o do&nbsp;<strong>Aquece Morretes \/ Esta\u00e7\u00e3o do Aconchego<\/strong>, iniciativa da Secretaria Municipal de Assist\u00eancia Social voltada ao acolhimento e ao atendimento de fam\u00edlias em situa\u00e7\u00e3o de vulnerabilidade no munic\u00edpio.<\/p>\n\n\n\n<p>Durante a a\u00e7\u00e3o, foram disponibilizadas roupas, cal\u00e7ados, bolsas, brinquedos e produtos de higiene pessoal, al\u00e9m de cobertores para auxiliar na prote\u00e7\u00e3o das fam\u00edlias durante os per\u00edodos de temperaturas mais baixas. Os participantes puderam escolher as pe\u00e7as de acordo com suas necessidades e os tamanhos de seus familiares, em um espa\u00e7o organizado para proporcionar um atendimento mais acolhedor e humanizado.<\/p>\n\n\n\n<p>Os itens de vestu\u00e1rio, cal\u00e7ados e demais materiais distribu\u00eddos s\u00e3o resultado da mobiliza\u00e7\u00e3o da comunidade e de entidades parceiras que contribu\u00edram com a campanha. J\u00e1 os cobertores foram adquiridos com recursos do Piso \u00danico da Assist\u00eancia Social (PUAS).<\/p>\n\n\n\n<p>A edi\u00e7\u00e3o tamb\u00e9m contou com a distribui\u00e7\u00e3o de verduras e legumes frescos do programa&nbsp;<strong>Morretes Alimenta<\/strong>, desenvolvido em parceria com a Secretaria Municipal de Agricultura. A iniciativa ampliou o atendimento \u00e0s fam\u00edlias, integrando as a\u00e7\u00f5es de assist\u00eancia social \u00e0s pol\u00edticas de seguran\u00e7a alimentar do munic\u00edpio.<\/p>\n\n\n\n<p>Al\u00e9m da entrega dos itens, a Esta\u00e7\u00e3o do Aconchego busca fortalecer o v\u00ednculo entre os servi\u00e7os socioassistenciais e a popula\u00e7\u00e3o, oferecendo um espa\u00e7o de acolhida e aproximando as fam\u00edlias da rede de prote\u00e7\u00e3o social existente em Morretes.<\/p>\n\n\n\n<p>Com a realiza\u00e7\u00e3o da segunda edi\u00e7\u00e3o, o Aquece Morretes refor\u00e7a a continuidade das a\u00e7\u00f5es de assist\u00eancia social no munic\u00edpio e o trabalho de atendimento \u00e0s fam\u00edlias que necessitam de apoio, especialmente durante os per\u00edodos de maior vulnerabilidade provocados pelo frio.<\/p>\n","protected":false},"excerpt":{"rendered":"<p>Mais de 100 pessoas participaram nesta sexta-feira (28) da segunda edi\u00e7\u00e3o do&nbsp;Aquece Morretes \/ Esta\u00e7\u00e3o do Aconchego, iniciativa da Secretaria Municipal de Assist\u00eancia Social voltada ao acolhimento e ao atendimento de fam\u00edlias em situa\u00e7\u00e3o de vulnerabilidade no munic\u00edpio. Durante a a\u00e7\u00e3o, foram disponibilizadas roupas, cal\u00e7ados, bolsas, brinquedos e produtos de higiene pessoal, al\u00e9m de cobertores [&hellip;]<\/p>\n","protected":false},"author":2,"featured_media":81781,"comment_status":"open","ping_status":"open","sticky":false,"template":"","format":"standard","meta":{"advanced_seo_description":"","jetpack_seo_html_title":"","jetpack_seo_noindex":false,"_jetpack_memberships_contains_paid_content":false,"footnotes":""},"categories":[125],"tags":[],"class_list":{"0":"post-81780","1":"post","2":"type-post","3":"status-publish","4":"format-standard","5":"has-post-thumbnail","7":"category-morretes"},"jetpack_featured_media_url":"https:\/\/www.paranapraia.com.br\/wp-content\/uploads\/2026\/08\/img8607.jpg","jetpack_sharing_enabled":true,"_links":{"self":[{"href":"https:\/\/www.paranapraia.com.br\/index.php\/wp-json\/wp\/v2\/posts\/81780"}],"collection":[{"href":"https:\/\/www.paranapraia.com.br\/index.php\/wp-json\/wp\/v2\/posts"}],"about":[{"href":"https:\/\/www.paranapraia.com.br\/index.php\/wp-json\/wp\/v2\/types\/post"}],"author":[{"embeddable":true,"href":"https:\/\/www.paranapraia.com.br\/index.php\/wp-json\/wp\/v2\/users\/2"}],"replies":[{"embeddable":true,"href":"https:\/\/www.paranapraia.com.br\/index.php\/wp-json\/wp\/v2\/comments?post=81780"}],"version-history":[{"count":1,"href":"https:\/\/www.paranapraia.com.br\/index.php\/wp-json\/wp\/v2\/posts\/81780\/revisions"}],"predecessor-version":[{"id":81782,"href":"https:\/\/www.paranapraia.com.br\/index.php\/wp-json\/wp\/v2\/posts\/81780\/revisions\/81782"}],"wp:featuredmedia":[{"embeddable":true,"href":"https:\/\/www.paranapraia.com.br\/index.php\/wp-json\/wp\/v2\/media\/81781"}],"wp:attachment":[{"href":"https:\/\/www.paranapraia.com.br\/index.php\/wp-json\/wp\/v2\/media?parent=81780"}],"wp:term":[{"taxonomy":"category","embeddable":true,"href":"https:\/\/www.paranapraia.com.br\/index.php\/wp-json\/wp\/v2\/categories?post=81780"},{"taxonomy":"post_tag","embeddable":true,"href":"https:\/\/www.paranapraia.com.br\/index.php\/wp-json\/wp\/v2\/tags?post=81780"}],"curies":[{"name":"wp","href":"https:\/\/api.w.org\/{rel}","templated":true}]}}