{"id":81773,"date":"2026-08-31T10:05:52","date_gmt":"2026-08-31T13:05:52","guid":{"rendered":"https:\/\/www.paranapraia.com.br\/?p=81773"},"modified":"2026-08-31T10:05:54","modified_gmt":"2026-08-31T13:05:54","slug":"pontal-do-parana-apresenta-boas-praticas-de-controle-interno-em-evento-do-tce-pr","status":"publish","type":"post","link":"https:\/\/www.paranapraia.com.br\/index.php\/2026\/08\/31\/pontal-do-parana-apresenta-boas-praticas-de-controle-interno-em-evento-do-tce-pr\/","title":{"rendered":"Pontal do Paran\u00e1 apresenta boas pr\u00e1ticas de controle interno em evento do TCE-PR"},"content":{"rendered":"\n<p>Munic\u00edpio foi convidado para compartilhar experi\u00eancias e representou o Litoral do Paran\u00e1 no painel de Administra\u00e7\u00e3o Financeira<\/p>\n\n\n\n<p>Pontal do Paran\u00e1 participou, entre os dias 25 e 28 de agosto, da 1\u00aa Semana ProGov de Auditoria Interna, promovida pelo Tribunal de Contas do Estado do Paran\u00e1 (TCE-PR), em Curitiba.<\/p>\n\n\n\n<p>O evento reuniu controladores internos de munic\u00edpios paranaenses para a troca de experi\u00eancias e apresenta\u00e7\u00e3o de boas pr\u00e1ticas de auditoria.<\/p>\n\n\n\n<p>Convidada pelo TCE-PR, o munic\u00edpio foi representado pela controladora interna Dioneia Serafim de Castro, que apresentou as pr\u00e1ticas de auditoria interna adotadas em Pontal do Paran\u00e1.<\/p>\n\n\n\n<p>O munic\u00edpio tamb\u00e9m foi escolhido para participar do painel de Administra\u00e7\u00e3o Financeira, representando os munic\u00edpios do Litoral do Paran\u00e1.<\/p>\n\n\n\n<p>Durante a programa\u00e7\u00e3o, foram apresentadas experi\u00eancias sobre a estrutura\u00e7\u00e3o das unidades de controle interno, execu\u00e7\u00e3o e monitoramento das auditorias e elabora\u00e7\u00e3o de relat\u00f3rios. Tamb\u00e9m foram abordados os Roteiros de Consist\u00eancia de Dados (RCDs), utilizados para verificar a qualidade e a confiabilidade das informa\u00e7\u00f5es apresentadas pelos munic\u00edpios ao Tribunal.<\/p>\n\n\n\n<p>\u201cPontal do Paran\u00e1 ser escolhido demonstra que temos um bom relacionamento com o TCE-PR e que somos modelo para outros munic\u00edpios\u201d, afirmou Dioneia Serafim de Castro.<\/p>\n\n\n\n<p>A 1\u00aa Semana ProGov de Auditoria Interna foi realizada pelo TCE-PR, por meio da Escola de Gest\u00e3o P\u00fablica (EGP), em parceria com o Conselho Regional de Contabilidade do Paran\u00e1 (CRCPR).<\/p>\n\n\n\n<p>O ProGov avalia \u00e1reas como sa\u00fade, educa\u00e7\u00e3o, assist\u00eancia social, administra\u00e7\u00e3o financeira, gest\u00e3o ambiental, previd\u00eancia, aquisi\u00e7\u00f5es e contrata\u00e7\u00f5es, al\u00e9m de transpar\u00eancia, controle interno e relacionamento com o cidad\u00e3o.<\/p>\n\n\n\n<p>A programa\u00e7\u00e3o foi encerrada nesta sexta-feira (28), no audit\u00f3rio do TCE-PR.<\/p>\n\n\n\n<p>Fotos: PMPPR<\/p>\n","protected":false},"excerpt":{"rendered":"<p>Munic\u00edpio foi convidado para compartilhar experi\u00eancias e representou o Litoral do Paran\u00e1 no painel de Administra\u00e7\u00e3o Financeira Pontal do Paran\u00e1 participou, entre os dias 25 e 28 de agosto, da 1\u00aa Semana ProGov de Auditoria Interna, promovida pelo Tribunal de Contas do Estado do Paran\u00e1 (TCE-PR), em Curitiba. O evento reuniu controladores internos de munic\u00edpios [&hellip;]<\/p>\n","protected":false},"author":2,"featured_media":81774,"comment_status":"open","ping_status":"open","sticky":false,"template":"","format":"standard","meta":{"advanced_seo_description":"","jetpack_seo_html_title":"","jetpack_seo_noindex":false,"_jetpack_memberships_contains_paid_content":false,"footnotes":""},"categories":[65],"tags":[],"class_list":{"0":"post-81773","1":"post","2":"type-post","3":"status-publish","4":"format-standard","5":"has-post-thumbnail","7":"category-pontal-do-parana"},"jetpack_featured_media_url":"https:\/\/www.paranapraia.com.br\/wp-content\/uploads\/2026\/08\/WhatsApp-Image-2026-08-31-at-10.04.46.jpeg","jetpack_sharing_enabled":true,"_links":{"self":[{"href":"https:\/\/www.paranapraia.com.br\/index.php\/wp-json\/wp\/v2\/posts\/81773"}],"collection":[{"href":"https:\/\/www.paranapraia.com.br\/index.php\/wp-json\/wp\/v2\/posts"}],"about":[{"href":"https:\/\/www.paranapraia.com.br\/index.php\/wp-json\/wp\/v2\/types\/post"}],"author":[{"embeddable":true,"href":"https:\/\/www.paranapraia.com.br\/index.php\/wp-json\/wp\/v2\/users\/2"}],"replies":[{"embeddable":true,"href":"https:\/\/www.paranapraia.com.br\/index.php\/wp-json\/wp\/v2\/comments?post=81773"}],"version-history":[{"count":1,"href":"https:\/\/www.paranapraia.com.br\/index.php\/wp-json\/wp\/v2\/posts\/81773\/revisions"}],"predecessor-version":[{"id":81775,"href":"https:\/\/www.paranapraia.com.br\/index.php\/wp-json\/wp\/v2\/posts\/81773\/revisions\/81775"}],"wp:featuredmedia":[{"embeddable":true,"href":"https:\/\/www.paranapraia.com.br\/index.php\/wp-json\/wp\/v2\/media\/81774"}],"wp:attachment":[{"href":"https:\/\/www.paranapraia.com.br\/index.php\/wp-json\/wp\/v2\/media?parent=81773"}],"wp:term":[{"taxonomy":"category","embeddable":true,"href":"https:\/\/www.paranapraia.com.br\/index.php\/wp-json\/wp\/v2\/categories?post=81773"},{"taxonomy":"post_tag","embeddable":true,"href":"https:\/\/www.paranapraia.com.br\/index.php\/wp-json\/wp\/v2\/tags?post=81773"}],"curies":[{"name":"wp","href":"https:\/\/api.w.org\/{rel}","templated":true}]}}