{"id":7921,"date":"2019-04-23T14:11:06","date_gmt":"2019-04-23T17:11:06","guid":{"rendered":"https:\/\/www.paranapraia.com.br\/?p=7921"},"modified":"2019-04-23T14:11:07","modified_gmt":"2019-04-23T17:11:07","slug":"fe-e-devocao-fieis-lotam-igrejas-de-sao-jorge-neste-feriado-confira","status":"publish","type":"post","link":"https:\/\/www.paranapraia.com.br\/index.php\/2019\/04\/23\/fe-e-devocao-fieis-lotam-igrejas-de-sao-jorge-neste-feriado-confira\/","title":{"rendered":"F\u00e9 e devo\u00e7\u00e3o: fi\u00e9is lotam igrejas de S\u00e3o Jorge neste feriado, confira"},"content":{"rendered":"\n<p>Nesta ter\u00e7a-feira (23) \u00e9&nbsp;<strong>feriado&nbsp;<\/strong>no qual se comemora no&nbsp;<strong>Rio de Janeiro<\/strong>o dia de&nbsp;<strong>S\u00e3o Jorge<\/strong>. A&nbsp;<strong>igreja<\/strong>&nbsp;do&nbsp;<strong>santo<\/strong>, em Quintino, na Zona Norte do Rio, ficou lotada o dia todo, desde o come\u00e7o da madrugada desta ter\u00e7a. No decorrer do dia est\u00e3o planejadas alvoradas, prociss\u00f5es,&nbsp;<strong>missas<\/strong>, feijoadas e at\u00e9 mesmo shows para celebrar o santo&nbsp;<strong>guerreiro&nbsp;<\/strong>em toda a cidade.<\/p>\n\n\n\n<p>Quem ir\u00e1 fazer a celebra\u00e7\u00e3o das missas nas igrejas de S\u00e3o Jorge na Zona Norte, na Zona Oeste e no Centro do RJ ser\u00e1 o&nbsp;<strong>cardeal arcebispo&nbsp;<\/strong>do Rio,&nbsp;<strong>Dom Orani<\/strong>Tempesta.<\/p>\n\n\n\n<p>Uma&nbsp;<strong>fiel<\/strong>&nbsp;que havia chegado ao longo da madrugada na&nbsp;<strong>par\u00f3quia&nbsp;<\/strong>de S\u00e3o Jorge, em Quintino declarou que o seu amor por S\u00e3o Jorge \u00e9 muito grande, que ele a ajudara a obter tudo que ela tinha, at\u00e9 mesmo sua casa. Muitos devotos tamb\u00e9m fizeram proveito da data a fim de cumprir suas&nbsp;<strong>promessas<\/strong>.&nbsp;<\/p>\n\n\n\n<figure class=\"wp-block-image\"><img decoding=\"async\" src=\"https:\/\/s2.glbimg.com\/tLHZOChf4NNSG-UZUer1FcNpjJA=\/0x0:1280x960\/1600x0\/smart\/filters:strip_icc()\/i.s3.glbimg.com\/v1\/AUTH_59edd422c0c84a879bd37670ae4f538a\/internal_photos\/bs\/2019\/y\/V\/sY6A9KQ4WrZpkApgZCqQ\/sao-jorge3.jpeg\" alt=\"\"\/><\/figure>\n\n\n\n<p>Uma outra devota que \u00e9&nbsp;<strong>esp\u00edrita<\/strong>, a empres\u00e1ria Samanta Lage, que se encontrava molhada depois do banho de&nbsp;<strong>\u00e1gua benta<\/strong>, fez a compra de v\u00e1rias imagens do santo e declarou que vinha de Jacarepagu\u00e1, Zona Norte do RJ, somente para agradecer, ela havia visto a alvorada do lado de fora da igreja, mencionou que S\u00e3o Jorge \u00e9&nbsp;<strong>poderoso&nbsp;<\/strong>e que na&nbsp;<strong>f\u00e9<\/strong>,&nbsp;<strong>Ogum&nbsp;<\/strong>e ele representavam a mesma coisa, quem faz a separa\u00e7\u00e3o s\u00e3o as pessoas, por\u00e9m as&nbsp;<strong>ben\u00e7\u00e3os<\/strong>&nbsp;s\u00e3o as mesmas.<\/p>\n\n\n\n<figure class=\"wp-block-image\"><img decoding=\"async\" src=\"https:\/\/s2.glbimg.com\/wKOKE0B1NvQopFjpl-3rQDujpCc=\/0x0:1024x768\/1000x0\/smart\/filters:strip_icc()\/i.s3.glbimg.com\/v1\/AUTH_59edd422c0c84a879bd37670ae4f538a\/internal_photos\/bs\/2019\/C\/A\/1BsYzSQhGsX4Yvmf6xQg\/sao-jorge5.jpeg\" alt=\"\"\/><\/figure>\n\n\n\n<p>O planejamento ocorre em diversas regi\u00f5es da Regi\u00e3o Metropolitana e da capital do Rio de Janeiro. V\u00e1rias ruas encontram-se interditadas para as\u00a0<strong>comemora\u00e7\u00f5es<\/strong>religiosas. Os bloqueios foram iniciados ao meio-dia desta segunda (22) e ir\u00e3o terminar \u00e0s 23 horas desta ter\u00e7a.\u00a0<\/p>\n\n\n\n<p>1News<\/p>\n","protected":false},"excerpt":{"rendered":"<p>Nesta ter\u00e7a-feira (23) \u00e9&nbsp;feriado&nbsp;no qual se comemora no&nbsp;Rio de Janeiroo dia de&nbsp;S\u00e3o Jorge. A&nbsp;igreja&nbsp;do&nbsp;santo, em Quintino, na Zona Norte do Rio, ficou lotada o dia todo, desde o come\u00e7o da madrugada desta ter\u00e7a. No decorrer do dia est\u00e3o planejadas alvoradas, prociss\u00f5es,&nbsp;missas, feijoadas e at\u00e9 mesmo shows para celebrar o santo&nbsp;guerreiro&nbsp;em toda a cidade. Quem ir\u00e1 [&hellip;]<\/p>\n","protected":false},"author":2,"featured_media":7922,"comment_status":"open","ping_status":"open","sticky":false,"template":"","format":"standard","meta":{"advanced_seo_description":"","jetpack_seo_html_title":"","jetpack_seo_noindex":false,"_jetpack_memberships_contains_paid_content":false,"footnotes":""},"categories":[1],"tags":[],"class_list":{"0":"post-7921","1":"post","2":"type-post","3":"status-publish","4":"format-standard","5":"has-post-thumbnail","7":"category-sem-categoria"},"jetpack_featured_media_url":"https:\/\/www.paranapraia.com.br\/wp-content\/uploads\/2019\/04\/sao.jpg","jetpack_sharing_enabled":true,"_links":{"self":[{"href":"https:\/\/www.paranapraia.com.br\/index.php\/wp-json\/wp\/v2\/posts\/7921"}],"collection":[{"href":"https:\/\/www.paranapraia.com.br\/index.php\/wp-json\/wp\/v2\/posts"}],"about":[{"href":"https:\/\/www.paranapraia.com.br\/index.php\/wp-json\/wp\/v2\/types\/post"}],"author":[{"embeddable":true,"href":"https:\/\/www.paranapraia.com.br\/index.php\/wp-json\/wp\/v2\/users\/2"}],"replies":[{"embeddable":true,"href":"https:\/\/www.paranapraia.com.br\/index.php\/wp-json\/wp\/v2\/comments?post=7921"}],"version-history":[{"count":1,"href":"https:\/\/www.paranapraia.com.br\/index.php\/wp-json\/wp\/v2\/posts\/7921\/revisions"}],"predecessor-version":[{"id":7923,"href":"https:\/\/www.paranapraia.com.br\/index.php\/wp-json\/wp\/v2\/posts\/7921\/revisions\/7923"}],"wp:featuredmedia":[{"embeddable":true,"href":"https:\/\/www.paranapraia.com.br\/index.php\/wp-json\/wp\/v2\/media\/7922"}],"wp:attachment":[{"href":"https:\/\/www.paranapraia.com.br\/index.php\/wp-json\/wp\/v2\/media?parent=7921"}],"wp:term":[{"taxonomy":"category","embeddable":true,"href":"https:\/\/www.paranapraia.com.br\/index.php\/wp-json\/wp\/v2\/categories?post=7921"},{"taxonomy":"post_tag","embeddable":true,"href":"https:\/\/www.paranapraia.com.br\/index.php\/wp-json\/wp\/v2\/tags?post=7921"}],"curies":[{"name":"wp","href":"https:\/\/api.w.org\/{rel}","templated":true}]}}