{"id":7900,"date":"2019-04-23T13:49:21","date_gmt":"2019-04-23T16:49:21","guid":{"rendered":"https:\/\/www.paranapraia.com.br\/?p=7900"},"modified":"2019-04-23T13:49:23","modified_gmt":"2019-04-23T16:49:23","slug":"imagens-confirmam-que-motorista-morto-em-acidente-no-batel-furou-sinal-vermelho","status":"publish","type":"post","link":"https:\/\/www.paranapraia.com.br\/index.php\/2019\/04\/23\/imagens-confirmam-que-motorista-morto-em-acidente-no-batel-furou-sinal-vermelho\/","title":{"rendered":"Imagens confirmam que motorista morto em acidente no Batel furou sinal vermelho"},"content":{"rendered":"\n<h4 class=\"wp-block-heading\">O sinal estava verde para o\u00a0motorista do Kia Cerato, que &#8211; mesmo assim &#8211; foi\u00a0preso em flagrante por estar embriagado.<\/h4>\n\n\n\n<p>O acidente que deixou um motorista morto na madrugada da \u00faltima sexta-feira (19), no bairro Batel, em Curitiba, foi flagrado por uma c\u00e2mera de seguran\u00e7a de um estabelecimento comercial. Pelas imagens, a vers\u00e3o de testemunhas de que o motorista do Renault Logus furou a preferencial no cruzamento \u00e9 confirmada. O sinal estava verde para o&nbsp;motorista do Kia Cerato, que foi&nbsp;preso em flagrante e encaminhado \u00e0 delegacia de Delitos de Tr\u00e2nsito de Curitiba, por estar embriagado.<\/p>\n\n\n\n<p>O acidente aconteceu no cruzamento da rua Desembargador Costa Carvalho com a Avenida Vicente Machado, por volta das 5 horas. Raphael Teodoro, que conduzia o Logus, foi ejetado e morreu instantes depois embaixo do pr\u00f3prio ve\u00edculo.<\/p>\n\n\n\n<p>Testemunhas no local disseram que o motorista do Logus tinha furado o sinal. No local, o Corpo de Bombeiros afirmou que possivelmente, com o impacto do acidente, o cinto de seguran\u00e7a se rompeu, fazendo com o motorista fosse ejetado do carro.<\/p>\n\n\n\n<p>BandaB<\/p>\n","protected":false},"excerpt":{"rendered":"<p>O sinal estava verde para o\u00a0motorista do Kia Cerato, que &#8211; mesmo assim &#8211; foi\u00a0preso em flagrante por estar embriagado. O acidente que deixou um motorista morto na madrugada da \u00faltima sexta-feira (19), no bairro Batel, em Curitiba, foi flagrado por uma c\u00e2mera de seguran\u00e7a de um estabelecimento comercial. Pelas imagens, a vers\u00e3o de testemunhas [&hellip;]<\/p>\n","protected":false},"author":2,"featured_media":7901,"comment_status":"open","ping_status":"open","sticky":false,"template":"","format":"standard","meta":{"advanced_seo_description":"","jetpack_seo_html_title":"","jetpack_seo_noindex":false,"_jetpack_memberships_contains_paid_content":false,"footnotes":""},"categories":[52],"tags":[],"class_list":{"0":"post-7900","1":"post","2":"type-post","3":"status-publish","4":"format-standard","5":"has-post-thumbnail","7":"category-acidentes"},"jetpack_featured_media_url":"https:\/\/www.paranapraia.com.br\/wp-content\/uploads\/2019\/04\/ad-1.jpg","jetpack_sharing_enabled":true,"_links":{"self":[{"href":"https:\/\/www.paranapraia.com.br\/index.php\/wp-json\/wp\/v2\/posts\/7900"}],"collection":[{"href":"https:\/\/www.paranapraia.com.br\/index.php\/wp-json\/wp\/v2\/posts"}],"about":[{"href":"https:\/\/www.paranapraia.com.br\/index.php\/wp-json\/wp\/v2\/types\/post"}],"author":[{"embeddable":true,"href":"https:\/\/www.paranapraia.com.br\/index.php\/wp-json\/wp\/v2\/users\/2"}],"replies":[{"embeddable":true,"href":"https:\/\/www.paranapraia.com.br\/index.php\/wp-json\/wp\/v2\/comments?post=7900"}],"version-history":[{"count":1,"href":"https:\/\/www.paranapraia.com.br\/index.php\/wp-json\/wp\/v2\/posts\/7900\/revisions"}],"predecessor-version":[{"id":7902,"href":"https:\/\/www.paranapraia.com.br\/index.php\/wp-json\/wp\/v2\/posts\/7900\/revisions\/7902"}],"wp:featuredmedia":[{"embeddable":true,"href":"https:\/\/www.paranapraia.com.br\/index.php\/wp-json\/wp\/v2\/media\/7901"}],"wp:attachment":[{"href":"https:\/\/www.paranapraia.com.br\/index.php\/wp-json\/wp\/v2\/media?parent=7900"}],"wp:term":[{"taxonomy":"category","embeddable":true,"href":"https:\/\/www.paranapraia.com.br\/index.php\/wp-json\/wp\/v2\/categories?post=7900"},{"taxonomy":"post_tag","embeddable":true,"href":"https:\/\/www.paranapraia.com.br\/index.php\/wp-json\/wp\/v2\/tags?post=7900"}],"curies":[{"name":"wp","href":"https:\/\/api.w.org\/{rel}","templated":true}]}}