{"id":78473,"date":"2026-05-01T10:23:23","date_gmt":"2026-05-01T13:23:23","guid":{"rendered":"https:\/\/www.paranapraia.com.br\/?p=78473"},"modified":"2026-05-01T10:23:24","modified_gmt":"2026-05-01T13:23:24","slug":"maternidade-de-paranagua-registra-164-partos-em-menos-de-um-mes","status":"publish","type":"post","link":"https:\/\/www.paranapraia.com.br\/index.php\/2026\/05\/01\/maternidade-de-paranagua-registra-164-partos-em-menos-de-um-mes\/","title":{"rendered":"Maternidade de Paranagu\u00e1 registra 164 partos em menos de um m\u00eas"},"content":{"rendered":"\n<p>O choro dos primeiros beb\u00eas na nova Maternidade Maria de Lourdes, unidade vinculada ao Hospital Regional do Litoral&nbsp;(HRL), em Paranagu\u00e1, marca o in\u00edcio de um novo cap\u00edtulo para a sa\u00fade p\u00fablica do Litoral. Mais do que uma estrutura f\u00edsica que recebeu R$ 11,2 milh\u00f5es em investimentos do Governo do Estado por meio da Secretaria de Estado da Sa\u00fade do Paran\u00e1 (Sesa), a unidade \u00e9 o cen\u00e1rio onde os n\u00fameros da gest\u00e3o se transformam em hist\u00f3rias de vida.<\/p>\n\n\n\n<p>Desde a inaugura\u00e7\u00e3o em 2 de abril, a maternidade, refer\u00eancia para Paranagu\u00e1, Pontal do Paran\u00e1, Matinhos, Guaratuba, Antonina, Morretes e Guaraque\u00e7aba, j\u00e1 realizou 700 atendimentos no pronto atendimento obst\u00e9trico, resultando em 164 nascimentos, sendo 87 partos normais e 77 ces\u00e1reas.<\/p>\n\n\n\n<p>A estrutura, concebida sob as melhores pr\u00e1ticas assistenciais, conta com 23 leitos de interna\u00e7\u00e3o, tr\u00eas de observa\u00e7\u00e3o e cinco leitos do tipo PPP (pr\u00e9-parto, parto e p\u00f3s-parto), modelo que permite que todo o processo ocorra no mesmo ambiente privativo. Por tr\u00e1s dessa robustez t\u00e9cnica, o modelo de assist\u00eancia prioriza o protagonismo feminino, oferecendo m\u00e9todos n\u00e3o farmacol\u00f3gicos de al\u00edvio da dor, como aromaterapia, musicoterapia, bolas su\u00ed\u00e7as e banhos mornos.<\/p>\n\n\n\n<p>O secret\u00e1rio de Estado da Sa\u00fade, C\u00e9sar Neves, destaca que a unidade foi projetada para sanar uma demanda hist\u00f3rica da regi\u00e3o e os n\u00fameros de atendimentos comprovam a import\u00e2ncia desse investimento para as gestantes do Litoral do Estado.<\/p>\n\n\n\n<p>&#8220;Inaugurar esta maternidade foi uma decis\u00e3o estrat\u00e9gica para fortalecer a rede de prote\u00e7\u00e3o no Litoral. Estamos entregando dignidade e tecnologia para aprimorar o atendimento \u00e0s gestantes, refor\u00e7ando que a sa\u00fade especializada deve estar onde as pessoas est\u00e3o. \u00c9 um avan\u00e7o hist\u00f3rico que coloca o bem-estar da m\u00e3e e do rec\u00e9m-nascido como prioridade absoluta da Secretaria da Sa\u00fade e da gest\u00e3o do governador Ratinho Junior\u201d, frisou.<\/p>\n\n\n\n<p><strong>POR TR\u00c1S DOS N\u00daMEROS<\/strong>&nbsp;\u2013 A maternidade foi inaugura no dia 2 de abril e a hist\u00f3ria da unidade come\u00e7ou a ser escrita \u00e0s 4h11 da manh\u00e3 do dia 9 de abril, quando Maria Izabel, de 20 anos e moradora de Pontal do Paran\u00e1, deu \u00e0 luz a Helena, o primeiro beb\u00ea da nova maternidade.<\/p>\n\n\n\n<p>&#8220;Minha m\u00e3e esteve o tempo todo ao meu lado, me mostrando que, mesmo virando m\u00e3e, eu continuava sendo filha. \u00c0s 4h da manh\u00e3, aconteceu o nascimento da minha princesa\u201d, relatou.<\/p>\n\n\n\n<p>Ap\u00f3s o parto, o suporte da equipe garantiu a tranquilidade nos primeiros cuidados. \u201cAs enfermeiras me ajudaram na amamenta\u00e7\u00e3o e logo subimos para o quarto. L\u00e1, o atendimento continuou \u00f3timo. Me ensinaram a dar banho, vinham conferir a temperatura e ver se estava tudo bem comigo e com a nen\u00ea. Estavam sempre presentes e dispostas\u201d, completou Maria Izabel.<\/p>\n\n\n\n<p>Esse \u00e9 um diferencial e um modelo de assist\u00eancia que foi concebido para priorizar a sa\u00fade e o conforto da mulher, assegurando um atendimento humanizado que respeita o tempo e as escolhas da gestante.<\/p>\n\n\n\n<p>Para Ana Paula Costa, de 33 anos e moradora de Paranagu\u00e1, o processo foi marcado pela intensidade de uma indu\u00e7\u00e3o para o nascimento da pequena Antonella. &#8220;A dor da indu\u00e7\u00e3o vem bruta, mas os dias que passei l\u00e1 foram sempre acompanhados por m\u00e9dicos e enfermeiras muito atenciosos e prestativos. N\u00e3o tenho do que reclamar&#8221;, contou.<\/p>\n\n\n\n<p>Mesmo diante do cansa\u00e7o f\u00edsico do parto normal, Ana Paula encontrou o suporte necess\u00e1rio para concluir seu planejamento familiar com a realiza\u00e7\u00e3o da laqueadura no p\u00f3s-parto imediato. &#8220;Aproveitaram que eu j\u00e1 estava l\u00e1 e realizaram o procedimento. Foi um processo que contou com o apoio total dos funcion\u00e1rios&#8221;, explicou a m\u00e3e.<\/p>\n\n\n\n<p><strong>REFER\u00caNCIA REGIONAL&nbsp;<\/strong>\u2013 A unidade consolida a descentraliza\u00e7\u00e3o da sa\u00fade especializada no Litoral, garantindo que as fam\u00edlias dos sete munic\u00edpios da regi\u00e3o tenham acesso a um suporte de alta complexidade. O diferencial da unidade s\u00e3o os leitos PPP e o uso de m\u00e9todos como musicoterapia e banhos mornos, que consolidam a unidade como um marco de humaniza\u00e7\u00e3o, reduzindo interven\u00e7\u00f5es desnecess\u00e1rias e promovendo o v\u00ednculo imediato entre m\u00e3e e beb\u00ea.<\/p>\n\n\n\n<p>Para viabilizar esse cuidado, a maternidade conta com uma equipe multidisciplinar integrada, em que m\u00e9dicos, enfermeiras obstetras e especialistas trabalham em sintonia para oferecer seguran\u00e7a cl\u00ednica e acolhimento emocional. &#8220;Cada nascimento nesta unidade \u00e9 a prova de que estamos no caminho certo, reafirmando o compromisso do Estado com uma rede de prote\u00e7\u00e3o integral para as m\u00e3es e beb\u00eas paranaenses&#8221;, finalizou o secret\u00e1rio C\u00e9sar Neves.<\/p>\n\n\n\n<p>AEN\/PR<\/p>\n","protected":false},"excerpt":{"rendered":"<p>O choro dos primeiros beb\u00eas na nova Maternidade Maria de Lourdes, unidade vinculada ao Hospital Regional do Litoral&nbsp;(HRL), em Paranagu\u00e1, marca o in\u00edcio de um novo cap\u00edtulo para a sa\u00fade p\u00fablica do Litoral. Mais do que uma estrutura f\u00edsica que recebeu R$ 11,2 milh\u00f5es em investimentos do Governo do Estado por meio da Secretaria de [&hellip;]<\/p>\n","protected":false},"author":2,"featured_media":78474,"comment_status":"open","ping_status":"open","sticky":false,"template":"","format":"standard","meta":{"advanced_seo_description":"","jetpack_seo_html_title":"","jetpack_seo_noindex":false,"_jetpack_memberships_contains_paid_content":false,"footnotes":""},"categories":[77],"tags":[],"class_list":{"0":"post-78473","1":"post","2":"type-post","3":"status-publish","4":"format-standard","5":"has-post-thumbnail","7":"category-paranagua"},"jetpack_featured_media_url":"https:\/\/www.paranapraia.com.br\/wp-content\/uploads\/2026\/05\/whatsapp_image_2026-04-23_at_11.21.00_3.jpg","jetpack_sharing_enabled":true,"_links":{"self":[{"href":"https:\/\/www.paranapraia.com.br\/index.php\/wp-json\/wp\/v2\/posts\/78473"}],"collection":[{"href":"https:\/\/www.paranapraia.com.br\/index.php\/wp-json\/wp\/v2\/posts"}],"about":[{"href":"https:\/\/www.paranapraia.com.br\/index.php\/wp-json\/wp\/v2\/types\/post"}],"author":[{"embeddable":true,"href":"https:\/\/www.paranapraia.com.br\/index.php\/wp-json\/wp\/v2\/users\/2"}],"replies":[{"embeddable":true,"href":"https:\/\/www.paranapraia.com.br\/index.php\/wp-json\/wp\/v2\/comments?post=78473"}],"version-history":[{"count":1,"href":"https:\/\/www.paranapraia.com.br\/index.php\/wp-json\/wp\/v2\/posts\/78473\/revisions"}],"predecessor-version":[{"id":78475,"href":"https:\/\/www.paranapraia.com.br\/index.php\/wp-json\/wp\/v2\/posts\/78473\/revisions\/78475"}],"wp:featuredmedia":[{"embeddable":true,"href":"https:\/\/www.paranapraia.com.br\/index.php\/wp-json\/wp\/v2\/media\/78474"}],"wp:attachment":[{"href":"https:\/\/www.paranapraia.com.br\/index.php\/wp-json\/wp\/v2\/media?parent=78473"}],"wp:term":[{"taxonomy":"category","embeddable":true,"href":"https:\/\/www.paranapraia.com.br\/index.php\/wp-json\/wp\/v2\/categories?post=78473"},{"taxonomy":"post_tag","embeddable":true,"href":"https:\/\/www.paranapraia.com.br\/index.php\/wp-json\/wp\/v2\/tags?post=78473"}],"curies":[{"name":"wp","href":"https:\/\/api.w.org\/{rel}","templated":true}]}}