{"id":78461,"date":"2026-05-01T10:10:24","date_gmt":"2026-05-01T13:10:24","guid":{"rendered":"https:\/\/www.paranapraia.com.br\/?p=78461"},"modified":"2026-05-01T10:10:26","modified_gmt":"2026-05-01T13:10:26","slug":"prefeitos-e-secretarios-de-saude-do-litoral-discutem-avancos-no-atendimento-regional-e-implantacao-do-qualicis","status":"publish","type":"post","link":"https:\/\/www.paranapraia.com.br\/index.php\/2026\/05\/01\/prefeitos-e-secretarios-de-saude-do-litoral-discutem-avancos-no-atendimento-regional-e-implantacao-do-qualicis\/","title":{"rendered":"Prefeitos e Secret\u00e1rios de Sa\u00fade do Litoral discutem avan\u00e7os no atendimento regional e implanta\u00e7\u00e3o do QualiCIS"},"content":{"rendered":"\n<p>Prefeitos e Secret\u00e1rios Municipais de Sa\u00fade de Guaratuba e Pontal do Paran\u00e1 participaram, nesta quinta-feira (30), de uma reuni\u00e3o estrat\u00e9gica voltada ao fortalecimento da rede regional de sa\u00fade no litoral do Paran\u00e1.<\/p>\n\n\n\n<p>O encontro reuniu gestores p\u00fablicos e equipes t\u00e9cnicas que atuam de forma integrada por meio do Cons\u00f3rcio Intermunicipal de Sa\u00fade da Regi\u00e3o Metropolitana de Curitiba (COMESP), respons\u00e1vel por planejar e executar a\u00e7\u00f5es conjuntas na \u00e1rea da sa\u00fade entre os munic\u00edpios consorciados.<\/p>\n\n\n\n<p>O encontro teve como principais pautas o Servi\u00e7o de Atendimento M\u00f3vel de Urg\u00eancia (SAMU) e a implanta\u00e7\u00e3o do Ambulat\u00f3rio M\u00e9dico de Especialidades (AME), que ser\u00e1 instalado em Matinhos e atender\u00e1 de forma regionalizada os tr\u00eas munic\u00edpios.<\/p>\n\n\n\n<p>Durante a reuni\u00e3o, tamb\u00e9m foram apresentadas e debatidas as diretrizes do programa QualiCIS Litoral, iniciativa do Governo do Estado que visa fortalecer a regionaliza\u00e7\u00e3o da sa\u00fade, ampliando o acesso da popula\u00e7\u00e3o a atendimentos especializados pr\u00f3ximos de sua resid\u00eancia.<\/p>\n\n\n\n<p>A proposta prev\u00ea a estrutura\u00e7\u00e3o de ambulat\u00f3rios de especialidades com atendimento multiprofissional, integrando m\u00e9dicos especialistas, enfermeiros, psic\u00f3logos, nutricionistas, entre outros profissionais.<\/p>\n\n\n\n<p>As discuss\u00f5es refor\u00e7aram a import\u00e2ncia da integra\u00e7\u00e3o entre os munic\u00edpios para qualificar o atendimento \u00e0 popula\u00e7\u00e3o, especialmente em uma regi\u00e3o que enfrenta grande varia\u00e7\u00e3o populacional durante a alta temporada.<\/p>\n\n\n\n<p>Em rela\u00e7\u00e3o ao SAMU, foram abordadas quest\u00f5es sobre a organiza\u00e7\u00e3o do servi\u00e7o, que passar\u00e1 a ser administrado de forma consorciada, com contrata\u00e7\u00e3o de equipes nos tr\u00eas munic\u00edpios pelo COMESP. A amplia\u00e7\u00e3o da cobertura e as estrat\u00e9gias para garantir mais agilidade e efici\u00eancia nos atendimentos de urg\u00eancia e emerg\u00eancia tamb\u00e9m estiveram em pauta, incluindo a previs\u00e3o de uma nova ambul\u00e2ncia de suporte avan\u00e7ado (Alfa) para a regi\u00e3o.<\/p>\n\n\n\n<p>Outro destaque foi o avan\u00e7o na implanta\u00e7\u00e3o do AME, que representa um marco importante para a descentraliza\u00e7\u00e3o do acesso a consultas e exames especializados no litoral. A iniciativa busca reduzir o deslocamento de pacientes para outros centros e aumentar a resolutividade da rede de aten\u00e7\u00e3o \u00e0 sa\u00fade.<\/p>\n\n\n\n<p>O projeto tamb\u00e9m contempla a organiza\u00e7\u00e3o de linhas de cuidado priorit\u00e1rias, como hipertens\u00e3o, diabetes, sa\u00fade mental e aten\u00e7\u00e3o ao idoso, al\u00e9m da oferta de exames e consultas com diversas especialidades m\u00e9dicas.<\/p>\n\n\n\n<p>A reuni\u00e3o contou com a presen\u00e7a de importantes lideran\u00e7as da regi\u00e3o, como o prefeito de Pontal do Paran\u00e1, Rud\u00e3o Gimenes, o prefeito de Guaratuba, Maur\u00edcio Lense, e a prefeita de S\u00e3o Jos\u00e9 dos Pinhais, Nina Singer. Tamb\u00e9m participaram o secret\u00e1rio de Sa\u00fade de Guaratuba, Ad\u00f4nis Furuushi; a diretora executiva do COMESP, Andr\u00e9ia Perry; a ex-presidente do cons\u00f3rcio e ex-prefeita de Rio Branco do Sul, Karyme Fayad; al\u00e9m da secret\u00e1ria de Sa\u00fade de Pontal do Paran\u00e1 e presidente do Conselho Regional de Secretarias Municipais de Sa\u00fade (CRESEMS), Michele Straub, da t\u00e9cnica do COMESP, Ariane de Paula, e do deputado estadual Denian Couto.<\/p>\n\n\n\n<p>Durante o encontro, o prefeito de Pontal do Paran\u00e1, Rud\u00e3o Gimenes, destacou a import\u00e2ncia da uni\u00e3o entre os munic\u00edpios. \u201cEsse trabalho integrado \u00e9 essencial para avan\u00e7armos na qualidade do atendimento \u00e0 nossa popula\u00e7\u00e3o. Estamos construindo solu\u00e7\u00f5es conjuntas que v\u00e3o garantir mais agilidade e efici\u00eancia na sa\u00fade do litoral\u201d, afirmou.<\/p>\n\n\n\n<p>J\u00e1 a secret\u00e1ria de Sa\u00fade de Pontal do Paran\u00e1 e presidente do CRESEMS, Michele Straub, ressaltou o impacto da regionaliza\u00e7\u00e3o. \u201cA integra\u00e7\u00e3o entre os munic\u00edpios fortalece toda a rede de sa\u00fade. Com o QualiCIS e a implanta\u00e7\u00e3o do AME, conseguimos ampliar o acesso a especialistas e oferecer um atendimento mais resolutivo para a popula\u00e7\u00e3o\u201d, destacou.<\/p>\n\n\n\n<p>A reuni\u00e3o evidenciou o compromisso conjunto dos gestores municipais com o fortalecimento do Sistema \u00danico de Sa\u00fade (SUS), por meio de a\u00e7\u00f5es integradas, planejamento regional e investimentos que visam ampliar a qualidade e a efici\u00eancia dos servi\u00e7os ofertados \u00e0 popula\u00e7\u00e3o do litoral.<\/p>\n\n\n\n<p>Fotos: Clovis Santos<\/p>\n","protected":false},"excerpt":{"rendered":"<p>Prefeitos e Secret\u00e1rios Municipais de Sa\u00fade de Guaratuba e Pontal do Paran\u00e1 participaram, nesta quinta-feira (30), de uma reuni\u00e3o estrat\u00e9gica voltada ao fortalecimento da rede regional de sa\u00fade no litoral do Paran\u00e1. O encontro reuniu gestores p\u00fablicos e equipes t\u00e9cnicas que atuam de forma integrada por meio do Cons\u00f3rcio Intermunicipal de Sa\u00fade da Regi\u00e3o Metropolitana [&hellip;]<\/p>\n","protected":false},"author":2,"featured_media":78462,"comment_status":"open","ping_status":"open","sticky":false,"template":"","format":"standard","meta":{"advanced_seo_description":"","jetpack_seo_html_title":"","jetpack_seo_noindex":false,"_jetpack_memberships_contains_paid_content":false,"footnotes":""},"categories":[65],"tags":[],"class_list":{"0":"post-78461","1":"post","2":"type-post","3":"status-publish","4":"format-standard","5":"has-post-thumbnail","7":"category-pontal-do-parana"},"jetpack_featured_media_url":"https:\/\/www.paranapraia.com.br\/wp-content\/uploads\/2026\/05\/686192308_1313850860843868_8074033558549447325_n.jpg","jetpack_sharing_enabled":true,"_links":{"self":[{"href":"https:\/\/www.paranapraia.com.br\/index.php\/wp-json\/wp\/v2\/posts\/78461"}],"collection":[{"href":"https:\/\/www.paranapraia.com.br\/index.php\/wp-json\/wp\/v2\/posts"}],"about":[{"href":"https:\/\/www.paranapraia.com.br\/index.php\/wp-json\/wp\/v2\/types\/post"}],"author":[{"embeddable":true,"href":"https:\/\/www.paranapraia.com.br\/index.php\/wp-json\/wp\/v2\/users\/2"}],"replies":[{"embeddable":true,"href":"https:\/\/www.paranapraia.com.br\/index.php\/wp-json\/wp\/v2\/comments?post=78461"}],"version-history":[{"count":1,"href":"https:\/\/www.paranapraia.com.br\/index.php\/wp-json\/wp\/v2\/posts\/78461\/revisions"}],"predecessor-version":[{"id":78463,"href":"https:\/\/www.paranapraia.com.br\/index.php\/wp-json\/wp\/v2\/posts\/78461\/revisions\/78463"}],"wp:featuredmedia":[{"embeddable":true,"href":"https:\/\/www.paranapraia.com.br\/index.php\/wp-json\/wp\/v2\/media\/78462"}],"wp:attachment":[{"href":"https:\/\/www.paranapraia.com.br\/index.php\/wp-json\/wp\/v2\/media?parent=78461"}],"wp:term":[{"taxonomy":"category","embeddable":true,"href":"https:\/\/www.paranapraia.com.br\/index.php\/wp-json\/wp\/v2\/categories?post=78461"},{"taxonomy":"post_tag","embeddable":true,"href":"https:\/\/www.paranapraia.com.br\/index.php\/wp-json\/wp\/v2\/tags?post=78461"}],"curies":[{"name":"wp","href":"https:\/\/api.w.org\/{rel}","templated":true}]}}