{"id":78451,"date":"2026-04-30T15:25:57","date_gmt":"2026-04-30T18:25:57","guid":{"rendered":"https:\/\/www.paranapraia.com.br\/?p=78451"},"modified":"2026-04-30T15:25:59","modified_gmt":"2026-04-30T18:25:59","slug":"assembleia-legislativa-do-parana-concede-votos-de-louvor-a-pontal-do-parana-por-destaque-em-inclusao-socioprodutiva","status":"publish","type":"post","link":"https:\/\/www.paranapraia.com.br\/index.php\/2026\/04\/30\/assembleia-legislativa-do-parana-concede-votos-de-louvor-a-pontal-do-parana-por-destaque-em-inclusao-socioprodutiva\/","title":{"rendered":"Assembleia Legislativa do Paran\u00e1 concede Votos de Louvor a Pontal do Paran\u00e1 por destaque em inclus\u00e3o socioprodutiva"},"content":{"rendered":"\n<p>A Assembleia Legislativa do Estado do Paran\u00e1 aprovou o envio de Votos de Louvor e Congratula\u00e7\u00f5es com Men\u00e7\u00e3o Honrosa ao munic\u00edpio de Pontal do Paran\u00e1, reconhecendo uma conquista de grande impacto social e econ\u00f4mico.<\/p>\n\n\n\n<figure class=\"wp-block-image size-full\"><img loading=\"lazy\" decoding=\"async\" width=\"960\" height=\"658\" src=\"https:\/\/www.paranapraia.com.br\/wp-content\/uploads\/2026\/04\/1001379337.jpg\" alt=\"\" class=\"wp-image-78454\" srcset=\"https:\/\/www.paranapraia.com.br\/wp-content\/uploads\/2026\/04\/1001379337.jpg 960w, https:\/\/www.paranapraia.com.br\/wp-content\/uploads\/2026\/04\/1001379337-300x206.jpg 300w, https:\/\/www.paranapraia.com.br\/wp-content\/uploads\/2026\/04\/1001379337-768x526.jpg 768w, https:\/\/www.paranapraia.com.br\/wp-content\/uploads\/2026\/04\/1001379337-218x150.jpg 218w, https:\/\/www.paranapraia.com.br\/wp-content\/uploads\/2026\/04\/1001379337-696x477.jpg 696w\" sizes=\"(max-width: 960px) 100vw, 960px\" \/><\/figure>\n\n\n\n<p>A homenagem, proposta pelo deputado estadual Anibelli Neto, \u00e9 direcionada ao prefeito Rud\u00e3o Gimenes e \u00e0 vice-prefeita Patr\u00edcia Millo Marcomini, em raz\u00e3o do destaque do munic\u00edpio no Pr\u00eamio Sebrae Prefeitura Empreendedora, na categoria Inclus\u00e3o Socioprodutiva.<\/p>\n\n\n\n<p>O reconhecimento tem como base o projeto \u201cCosturando Sonhos\u201d, uma iniciativa que vem transformando realidades ao promover gera\u00e7\u00e3o de renda, qualifica\u00e7\u00e3o profissional e fortalecimento da economia local.<\/p>\n\n\n\n<figure class=\"wp-block-gallery has-nested-images columns-default is-cropped wp-block-gallery-1 is-layout-flex wp-block-gallery-is-layout-flex\">\n<figure class=\"wp-block-image size-large\"><img loading=\"lazy\" decoding=\"async\" width=\"1024\" height=\"742\" data-id=\"78458\" src=\"https:\/\/www.paranapraia.com.br\/wp-content\/uploads\/2026\/04\/1001379262-1024x742.jpg\" alt=\"\" class=\"wp-image-78458\" srcset=\"https:\/\/www.paranapraia.com.br\/wp-content\/uploads\/2026\/04\/1001379262-1024x742.jpg 1024w, https:\/\/www.paranapraia.com.br\/wp-content\/uploads\/2026\/04\/1001379262-300x217.jpg 300w, https:\/\/www.paranapraia.com.br\/wp-content\/uploads\/2026\/04\/1001379262-768x556.jpg 768w, https:\/\/www.paranapraia.com.br\/wp-content\/uploads\/2026\/04\/1001379262-696x504.jpg 696w, https:\/\/www.paranapraia.com.br\/wp-content\/uploads\/2026\/04\/1001379262-1068x773.jpg 1068w, https:\/\/www.paranapraia.com.br\/wp-content\/uploads\/2026\/04\/1001379262.jpg 1280w\" sizes=\"(max-width: 1024px) 100vw, 1024px\" \/><\/figure>\n\n\n\n<figure class=\"wp-block-image size-large\"><img loading=\"lazy\" decoding=\"async\" width=\"1024\" height=\"658\" data-id=\"78456\" src=\"https:\/\/www.paranapraia.com.br\/wp-content\/uploads\/2026\/04\/1001379255-1024x658.jpg\" alt=\"\" class=\"wp-image-78456\" srcset=\"https:\/\/www.paranapraia.com.br\/wp-content\/uploads\/2026\/04\/1001379255-1024x658.jpg 1024w, https:\/\/www.paranapraia.com.br\/wp-content\/uploads\/2026\/04\/1001379255-300x193.jpg 300w, https:\/\/www.paranapraia.com.br\/wp-content\/uploads\/2026\/04\/1001379255-768x493.jpg 768w, https:\/\/www.paranapraia.com.br\/wp-content\/uploads\/2026\/04\/1001379255-696x447.jpg 696w, https:\/\/www.paranapraia.com.br\/wp-content\/uploads\/2026\/04\/1001379255-1068x686.jpg 1068w, https:\/\/www.paranapraia.com.br\/wp-content\/uploads\/2026\/04\/1001379255.jpg 1280w\" sizes=\"(max-width: 1024px) 100vw, 1024px\" \/><\/figure>\n\n\n\n<figure class=\"wp-block-image size-large\"><img loading=\"lazy\" decoding=\"async\" width=\"768\" height=\"1024\" data-id=\"78455\" src=\"https:\/\/www.paranapraia.com.br\/wp-content\/uploads\/2026\/04\/1001379257-768x1024.jpg\" alt=\"\" class=\"wp-image-78455\" srcset=\"https:\/\/www.paranapraia.com.br\/wp-content\/uploads\/2026\/04\/1001379257-768x1024.jpg 768w, https:\/\/www.paranapraia.com.br\/wp-content\/uploads\/2026\/04\/1001379257-225x300.jpg 225w, https:\/\/www.paranapraia.com.br\/wp-content\/uploads\/2026\/04\/1001379257-696x928.jpg 696w, https:\/\/www.paranapraia.com.br\/wp-content\/uploads\/2026\/04\/1001379257.jpg 960w\" sizes=\"(max-width: 768px) 100vw, 768px\" \/><\/figure>\n\n\n\n<figure class=\"wp-block-image size-large\"><img loading=\"lazy\" decoding=\"async\" width=\"778\" height=\"1024\" data-id=\"78457\" src=\"https:\/\/www.paranapraia.com.br\/wp-content\/uploads\/2026\/04\/1001379251-778x1024.jpg\" alt=\"\" class=\"wp-image-78457\" srcset=\"https:\/\/www.paranapraia.com.br\/wp-content\/uploads\/2026\/04\/1001379251-778x1024.jpg 778w, https:\/\/www.paranapraia.com.br\/wp-content\/uploads\/2026\/04\/1001379251-228x300.jpg 228w, https:\/\/www.paranapraia.com.br\/wp-content\/uploads\/2026\/04\/1001379251-768x1011.jpg 768w, https:\/\/www.paranapraia.com.br\/wp-content\/uploads\/2026\/04\/1001379251-696x917.jpg 696w, https:\/\/www.paranapraia.com.br\/wp-content\/uploads\/2026\/04\/1001379251.jpg 972w\" sizes=\"(max-width: 778px) 100vw, 778px\" \/><\/figure>\n\n\n\n<figure class=\"wp-block-image size-large\"><img loading=\"lazy\" decoding=\"async\" width=\"836\" height=\"1024\" data-id=\"78459\" src=\"https:\/\/www.paranapraia.com.br\/wp-content\/uploads\/2026\/04\/1001379250-836x1024.jpg\" alt=\"\" class=\"wp-image-78459\" srcset=\"https:\/\/www.paranapraia.com.br\/wp-content\/uploads\/2026\/04\/1001379250-836x1024.jpg 836w, https:\/\/www.paranapraia.com.br\/wp-content\/uploads\/2026\/04\/1001379250-245x300.jpg 245w, https:\/\/www.paranapraia.com.br\/wp-content\/uploads\/2026\/04\/1001379250-768x941.jpg 768w, https:\/\/www.paranapraia.com.br\/wp-content\/uploads\/2026\/04\/1001379250-696x853.jpg 696w, https:\/\/www.paranapraia.com.br\/wp-content\/uploads\/2026\/04\/1001379250.jpg 1045w\" sizes=\"(max-width: 836px) 100vw, 836px\" \/><\/figure>\n<\/figure>\n\n\n\n<p>Em Pontal do Paran\u00e1, o programa envolve costureiras formalizadas como microempreendedoras individuais, respons\u00e1veis pela produ\u00e7\u00e3o de uniformes escolares da rede municipal, atendendo milhares de alunos todos os anos.<\/p>\n\n\n\n<p>Al\u00e9m do impacto social direto, o projeto tamb\u00e9m apresenta resultados expressivos na gest\u00e3o p\u00fablica. A produ\u00e7\u00e3o local dos uniformes gera economia significativa aos cofres municipais, ao mesmo tempo em que mant\u00e9m recursos circulando dentro do pr\u00f3prio munic\u00edpio, impulsionando pequenos neg\u00f3cios e valorizando a m\u00e3o de obra local.<\/p>\n\n\n\n<p>No requerimento, a Assembleia Legislativa destaca ainda a integra\u00e7\u00e3o entre diferentes setores para o sucesso da iniciativa, envolvendo a Provopar e secretarias municipais, em um trabalho conjunto que fortalece pol\u00edticas p\u00fablicas eficientes e voltadas \u00e0 popula\u00e7\u00e3o.<\/p>\n\n\n\n<p>Protocolado em Curitiba no dia 28 de abril de 2026, o Voto de Louvor oficializa o reconhecimento p\u00fablico ao munic\u00edpio e sua gest\u00e3o, consolidando Pontal do Paran\u00e1 como refer\u00eancia em boas pr\u00e1ticas de inclus\u00e3o socioprodutiva no Estado.<\/p>\n\n\n\n<p>Mais do que uma homenagem, o reconhecimento refor\u00e7a que iniciativas bem estruturadas t\u00eam o poder de transformar vidas, gerar oportunidades e construir um futuro mais digno para todos.<\/p>\n\n\n\n<p>Fotos: Cl\u00f3vis Santos <\/p>\n\n\n\n<p>Reda\u00e7\u00e3o <\/p>\n","protected":false},"excerpt":{"rendered":"<p>A Assembleia Legislativa do Estado do Paran\u00e1 aprovou o envio de Votos de Louvor e Congratula\u00e7\u00f5es com Men\u00e7\u00e3o Honrosa ao munic\u00edpio de Pontal do Paran\u00e1, reconhecendo uma conquista de grande impacto social e econ\u00f4mico. A homenagem, proposta pelo deputado estadual Anibelli Neto, \u00e9 direcionada ao prefeito Rud\u00e3o Gimenes e \u00e0 vice-prefeita Patr\u00edcia Millo Marcomini, em [&hellip;]<\/p>\n","protected":false},"author":2,"featured_media":78453,"comment_status":"open","ping_status":"open","sticky":false,"template":"","format":"standard","meta":{"advanced_seo_description":"","jetpack_seo_html_title":"","jetpack_seo_noindex":false,"_jetpack_memberships_contains_paid_content":false,"footnotes":""},"categories":[40,65],"tags":[522,318],"class_list":{"0":"post-78451","1":"post","2":"type-post","3":"status-publish","4":"format-standard","5":"has-post-thumbnail","7":"category-destaques","8":"category-pontal-do-parana","9":"tag-anibelli","10":"tag-pontal-do-parana"},"jetpack_featured_media_url":"https:\/\/www.paranapraia.com.br\/wp-content\/uploads\/2026\/04\/wDdAXiKdxMXzCIYgjTPF0HcinRP2tdo9IwmN9lGn.jpg","jetpack_sharing_enabled":true,"_links":{"self":[{"href":"https:\/\/www.paranapraia.com.br\/index.php\/wp-json\/wp\/v2\/posts\/78451"}],"collection":[{"href":"https:\/\/www.paranapraia.com.br\/index.php\/wp-json\/wp\/v2\/posts"}],"about":[{"href":"https:\/\/www.paranapraia.com.br\/index.php\/wp-json\/wp\/v2\/types\/post"}],"author":[{"embeddable":true,"href":"https:\/\/www.paranapraia.com.br\/index.php\/wp-json\/wp\/v2\/users\/2"}],"replies":[{"embeddable":true,"href":"https:\/\/www.paranapraia.com.br\/index.php\/wp-json\/wp\/v2\/comments?post=78451"}],"version-history":[{"count":1,"href":"https:\/\/www.paranapraia.com.br\/index.php\/wp-json\/wp\/v2\/posts\/78451\/revisions"}],"predecessor-version":[{"id":78460,"href":"https:\/\/www.paranapraia.com.br\/index.php\/wp-json\/wp\/v2\/posts\/78451\/revisions\/78460"}],"wp:featuredmedia":[{"embeddable":true,"href":"https:\/\/www.paranapraia.com.br\/index.php\/wp-json\/wp\/v2\/media\/78453"}],"wp:attachment":[{"href":"https:\/\/www.paranapraia.com.br\/index.php\/wp-json\/wp\/v2\/media?parent=78451"}],"wp:term":[{"taxonomy":"category","embeddable":true,"href":"https:\/\/www.paranapraia.com.br\/index.php\/wp-json\/wp\/v2\/categories?post=78451"},{"taxonomy":"post_tag","embeddable":true,"href":"https:\/\/www.paranapraia.com.br\/index.php\/wp-json\/wp\/v2\/tags?post=78451"}],"curies":[{"name":"wp","href":"https:\/\/api.w.org\/{rel}","templated":true}]}}