{"id":78448,"date":"2026-04-30T14:15:18","date_gmt":"2026-04-30T17:15:18","guid":{"rendered":"https:\/\/www.paranapraia.com.br\/?p=78448"},"modified":"2026-04-30T14:15:21","modified_gmt":"2026-04-30T17:15:21","slug":"guarda-civil-de-paranagua-recebe-200-armas-e-avanca-para-armar-100-do-efetivo","status":"publish","type":"post","link":"https:\/\/www.paranapraia.com.br\/index.php\/2026\/04\/30\/guarda-civil-de-paranagua-recebe-200-armas-e-avanca-para-armar-100-do-efetivo\/","title":{"rendered":"Guarda Civil de Paranagu\u00e1 recebe 200 armas e avan\u00e7a para armar 100% do efetivo"},"content":{"rendered":"\n<p>Agentes da Guarda Civil Municipal de Paranagu\u00e1 participaram, na tarde de ter\u00e7a-feira, dia 28, de uma solenidade no Centro de Forma\u00e7\u00e3o da Guarda Municipal de Curitiba, onde receberam a doa\u00e7\u00e3o de 200 armas da Guarda Municipal de Curitiba (GMC). O lote \u00e9 composto por 150 pistolas calibre .380 e 50 rev\u00f3lveres calibre 38.<\/p>\n\n\n\n<p>A entrega faz parte de uma estrat\u00e9gia de integra\u00e7\u00e3o entre as guardas municipais do Paran\u00e1, com foco no fortalecimento da seguran\u00e7a p\u00fablica e na moderniza\u00e7\u00e3o dos equipamentos utilizados pelos agentes.<\/p>\n\n\n\n<p>Para o secret\u00e1rio municipal de Seguran\u00e7a, Francisco Leudomar Nobrega dos Santos, essas armas chegaram num bom momento em que novos guardas est\u00e3o em treinamento e ir\u00e3o us\u00e1-las no dia a dia.<\/p>\n\n\n\n<p>\u201cEsse armamento para Guarda Civil Municipal de Paranagu\u00e1 \u00e9 fundamental porque s\u00e3o 200 armas, 150 pistolas, 380 e 50 revolveres, calibre de 38. Com isso, conseguimos pela primeira vez na hist\u00f3ria, armar 100% a guarda. Os alunos que est\u00e3o em a forma\u00e7\u00e3o, treinados com esse tipo de armamento que foi doado pela Guarda Civil Municipal de Curitiba, est\u00e3o sendo formados, preparados, armados, exercendo a sua fun\u00e7\u00e3o com seguran\u00e7a\u201d, diz o secret\u00e1rio.<\/p>\n\n\n\n<p>\u201cE al\u00e9m disso, traz mais seguran\u00e7a para comunidade, porque a sociedade sabe que tem um agente qualificado, uniformizado e armado. Isso \u00e9 uma grande conquista, essa parceria que tivemos com a Guarda de Curitiba, o contato direto com o secret\u00e1rio, prefeito, isso mostra a import\u00e2ncia da uni\u00e3o das for\u00e7as de seguran\u00e7a\u201d, destaca N\u00f3brega.<\/p>\n\n\n\n<p>O secret\u00e1rio municipal de Defesa Social e Tr\u00e2nsito, Rafael Vianna, destacou a import\u00e2ncia da parceria.<br>\u201cEssa integra\u00e7\u00e3o entre as guardas municipais fortalece os la\u00e7os e contribui diretamente para a seguran\u00e7a dos agentes e da popula\u00e7\u00e3o. Tenho certeza de que esse armamento ser\u00e1 utilizado com responsabilidade e vai melhorar a seguran\u00e7a p\u00fablica em Paranagu\u00e1 e em todo o Litoral\u201d, afirmou.<\/p>\n\n\n\n<p>O comandante da Guarda Municipal de Curitiba, Jos\u00e9 Carlos Felipus Costa, ressaltou que a doa\u00e7\u00e3o \u00e9 resultado da moderniza\u00e7\u00e3o do arsenal da corpora\u00e7\u00e3o da capital.<br>\u201cEstamos doando equipamentos que ainda est\u00e3o em perfeito estado de funcionamento. Isso fortalece n\u00e3o s\u00f3 o profissional de seguran\u00e7a, mas tamb\u00e9m toda a comunidade atendida. J\u00e1 entregamos mais de 700 armas nesse processo, o que demonstra nosso compromisso com a integra\u00e7\u00e3o e o fortalecimento das guardas municipais\u201d, explicou.<\/p>\n\n\n\n<p>Para o superintendente da Guarda Civil de Paranagu\u00e1, supervisor Ivan Luiz Bernardi, o refor\u00e7o chega em um momento importante.<br>\u201cEsse armamento vem suprir uma necessidade da corpora\u00e7\u00e3o. T\u00ednhamos um d\u00e9ficit de equipamentos, e agora ser\u00e1 poss\u00edvel equipar melhor o efetivo, garantindo mais seguran\u00e7a tanto para os agentes quanto para a popula\u00e7\u00e3o\u201d, destacou.<\/p>\n\n\n\n<p>J\u00e1 o coordenador da Academia de Forma\u00e7\u00e3o da GCM de Paranagu\u00e1, Reginaldo Rodrigues Filho, enfatizou o impacto hist\u00f3rico da iniciativa.<br>\u201cPela primeira vez em 27 anos de exist\u00eancia, teremos condi\u00e7\u00f5es de armar 100% da nossa institui\u00e7\u00e3o. Hoje, apenas metade do efetivo est\u00e1 armado. Essa conquista representa mais seguran\u00e7a para o agente e para toda a popula\u00e7\u00e3o\u201d, afirmou.<\/p>\n\n\n\n<p>Ele tamb\u00e9m destacou que os armamentos, embora substitu\u00eddos em Curitiba, est\u00e3o revisados e em perfeito estado de uso.<br>\u201cPara n\u00f3s, esses equipamentos t\u00eam grande utilidade e v\u00e3o transformar a atua\u00e7\u00e3o da Guarda Municipal de Paranagu\u00e1\u201d, completou.<\/p>\n\n\n\n<p>A cerim\u00f4nia contou com a presen\u00e7a de autoridades das duas cidades, incluindo representantes da Guarda Municipal de Curitiba e da Guarda Civil Municipal de Paranagu\u00e1, refor\u00e7ando a parceria institucional entre os munic\u00edpios.<\/p>\n\n\n\n<p>Prefeitura de Paranagu\u00e1<\/p>\n","protected":false},"excerpt":{"rendered":"<p>Agentes da Guarda Civil Municipal de Paranagu\u00e1 participaram, na tarde de ter\u00e7a-feira, dia 28, de uma solenidade no Centro de Forma\u00e7\u00e3o da Guarda Municipal de Curitiba, onde receberam a doa\u00e7\u00e3o de 200 armas da Guarda Municipal de Curitiba (GMC). O lote \u00e9 composto por 150 pistolas calibre .380 e 50 rev\u00f3lveres calibre 38. A entrega [&hellip;]<\/p>\n","protected":false},"author":2,"featured_media":78449,"comment_status":"open","ping_status":"open","sticky":false,"template":"","format":"standard","meta":{"advanced_seo_description":"","jetpack_seo_html_title":"","jetpack_seo_noindex":false,"_jetpack_memberships_contains_paid_content":false,"footnotes":""},"categories":[77],"tags":[],"class_list":{"0":"post-78448","1":"post","2":"type-post","3":"status-publish","4":"format-standard","5":"has-post-thumbnail","7":"category-paranagua"},"jetpack_featured_media_url":"https:\/\/www.paranapraia.com.br\/wp-content\/uploads\/2026\/04\/25192.jpg","jetpack_sharing_enabled":true,"_links":{"self":[{"href":"https:\/\/www.paranapraia.com.br\/index.php\/wp-json\/wp\/v2\/posts\/78448"}],"collection":[{"href":"https:\/\/www.paranapraia.com.br\/index.php\/wp-json\/wp\/v2\/posts"}],"about":[{"href":"https:\/\/www.paranapraia.com.br\/index.php\/wp-json\/wp\/v2\/types\/post"}],"author":[{"embeddable":true,"href":"https:\/\/www.paranapraia.com.br\/index.php\/wp-json\/wp\/v2\/users\/2"}],"replies":[{"embeddable":true,"href":"https:\/\/www.paranapraia.com.br\/index.php\/wp-json\/wp\/v2\/comments?post=78448"}],"version-history":[{"count":1,"href":"https:\/\/www.paranapraia.com.br\/index.php\/wp-json\/wp\/v2\/posts\/78448\/revisions"}],"predecessor-version":[{"id":78450,"href":"https:\/\/www.paranapraia.com.br\/index.php\/wp-json\/wp\/v2\/posts\/78448\/revisions\/78450"}],"wp:featuredmedia":[{"embeddable":true,"href":"https:\/\/www.paranapraia.com.br\/index.php\/wp-json\/wp\/v2\/media\/78449"}],"wp:attachment":[{"href":"https:\/\/www.paranapraia.com.br\/index.php\/wp-json\/wp\/v2\/media?parent=78448"}],"wp:term":[{"taxonomy":"category","embeddable":true,"href":"https:\/\/www.paranapraia.com.br\/index.php\/wp-json\/wp\/v2\/categories?post=78448"},{"taxonomy":"post_tag","embeddable":true,"href":"https:\/\/www.paranapraia.com.br\/index.php\/wp-json\/wp\/v2\/tags?post=78448"}],"curies":[{"name":"wp","href":"https:\/\/api.w.org\/{rel}","templated":true}]}}