{"id":78445,"date":"2026-04-30T14:04:28","date_gmt":"2026-04-30T17:04:28","guid":{"rendered":"https:\/\/www.paranapraia.com.br\/?p=78445"},"modified":"2026-04-30T14:04:30","modified_gmt":"2026-04-30T17:04:30","slug":"trem-turistico-da-serra-do-mar-celebra-5-milhoes-de-passageiros-nesta-sexta-feira","status":"publish","type":"post","link":"https:\/\/www.paranapraia.com.br\/index.php\/2026\/04\/30\/trem-turistico-da-serra-do-mar-celebra-5-milhoes-de-passageiros-nesta-sexta-feira\/","title":{"rendered":"Trem tur\u00edstico da Serra do Mar celebra 5 milh\u00f5es de passageiros nesta sexta-feira"},"content":{"rendered":"\n<p>A Serra Verde Express, que opera o passeio de trem ligando Curitiba at\u00e9 Morretes (Litoral), vai celebrar nesta sexta-feira (1.\u00ba) o embarque do passageiro de n\u00famero 5 milh\u00f5es, um marco hist\u00f3rico para o turismo do Paran\u00e1. O feito \u00e9 acompanhado pelo anivers\u00e1rio da operadora do passeio, que comemora seus 29 anos \u00e0 frente da condu\u00e7\u00e3o do trem que atravessa a Serra do Mar paranaense.<\/p>\n\n\n\n<p>As festividades v\u00e3o acontecer na Esta\u00e7\u00e3o Ferrovi\u00e1ria de Curitiba, durante o embarque dos passageiros, exaltando o passeio, um dos mais buscados por turistas e viajantes que chegam ao Paran\u00e1. O trajeto ic\u00f4nico \u00e9 famoso pela forte hist\u00f3ria de sua linha f\u00e9rrea, variedade de vag\u00f5es, atendimento e por adentrar a Grande Reserva da Mata Atl\u00e2ntica, um dos Patrim\u00f4nios Naturais Mundiais presentes no Estado.<\/p>\n\n\n\n<p>S\u00e3o diversos os t\u00edtulos conquistados pelo passeio desde o in\u00edcio de sua opera\u00e7\u00e3o, com reconhecimentos dos jornais The Guardian (Reino Unido) e&nbsp; The Wall Street Journal (Estados Undiso), al\u00e9m de plataformas como Braztoa, TripAdvisor e diversos outros que ajudaram a consolidar a imagem do trem e atrair visitantes. S\u00e3o mais de 250 mil passageiros que fazem o trajeto anualmente e, apenas nos quatro primeiros meses de 2026, j\u00e1 foram mais de 75 mil pessoas se encantando com o passeio.<\/p>\n\n\n\n<p>\u201cSentimos orgulho em ver esse produto t\u00e3o especial, hoje, sendo posicionado em uma das mais altas prateleiras do mercado do turismo\u201d, disse Irapuan Cortes, diretor-presidente do Viaje Paran\u00e1 &#8211; \u00f3rg\u00e3o de promo\u00e7\u00e3o vinculado \u00e0 Secretaria do Turismo (Setu-PR). \u201cTer 5 milh\u00f5es de passageiros \u00e9 um sinal extremamente positivo, que mostra como nossos atrativos e destinos t\u00eam visibilidade no Brasil e no Exterior, seja pela experi\u00eancia \u00fanica ofertada ou pelo seu longevo e qualificado atendimentos aos visitantes\u201d, acrescentou Irapuan.<\/p>\n\n\n\n<p>Toda essa fama e busca dos turistas pelo passeio rendeu a Curitiba o t\u00edtulo de \u201cCapital do Turismo Ferrovi\u00e1rio\u201d, atrav\u00e9s da&nbsp;&nbsp;lei 22.703\/2025&nbsp;foi sancionada em outubro do ano passado pelo Governo do Paran\u00e1. Ela inseriu no Calend\u00e1rio Oficial de Eventos do Estado do Paran\u00e1 a data de 5 de fevereiro, alusiva ao anivers\u00e1rio da inaugura\u00e7\u00e3o da Estrada de Ferro Paranagu\u00e1 \u2013 Curitiba.&nbsp;<\/p>\n\n\n\n<p>&#8220;O trem conecta destinos, gera fluxo econ\u00f4mico e valoriza a hist\u00f3ria. Seguimos investindo continuamente em infraestrutura, experi\u00eancia e inova\u00e7\u00e3o. Acreditamos no trem como experi\u00eancia, como patrim\u00f4nio e como motor de desenvolvimento regional&#8221;, afirmou Adonai Arruda Filho, diretor-geral da Serra Verde Express e presidente da Associa\u00e7\u00e3o Brasileira de Operadores de Trens Tur\u00edsticos e Culturas (ABOTTC).<\/p>\n\n\n\n<p><strong>FERROVIA HIST\u00d3RICA&nbsp;<\/strong>&#8211;&nbsp;A Estrada de Ferro Curitiba\u2013Paranagu\u00e1 \u00e9 considerada uma obra-prima da engenharia mundial. A ferrovia foi projetada pelos irm\u00e3os Andr\u00e9 e Ant\u00f4nio Rebou\u00e7as, filhos de uma mulher alforriada, os primeiros engenheiros negros do Brasil, inaugurada em 2 de fevereiro de 1885. Foi tamb\u00e9m um s\u00edmbolo do abolicionismo: o Imperador Dom Pedro II atendeu ao pedido dos irm\u00e3os Rebou\u00e7as de que nenhum trabalhador escravo fosse empregado na constru\u00e7\u00e3o.<\/p>\n\n\n\n<p>Com cerca de 4 horas de dura\u00e7\u00e3o, o trem percorre 65 quil\u00f4metros e passa por 41 pontes, dezenas de pontilh\u00f5es, 13 t\u00faneis, penhascos e cachoeiras, com&nbsp;ponto mais alto a 952 metros de altitude. Tudo isso em meio \u00e0 maior \u00e1rea preservada de Mata Atl\u00e2ntica do Brasil.&nbsp;<\/p>\n\n\n\n<p>Ao longo dessas quase 3 d\u00e9cadas, o Grupo Serra Verde Express investiu continuamente na moderniza\u00e7\u00e3o e restaura\u00e7\u00e3o seus 25 vag\u00f5es. Hoje, a composi\u00e7\u00e3o \u00e9 feita com carros de passageiros inclusivos e acess\u00edveis, vag\u00f5es pet friendly, espa\u00e7os tem\u00e1ticos com homenagem a personalidades brasileiras e as tradicionais litorinas, redecoradas, restauradas e preservadas como o s\u00edmbolo m\u00e1ximo do turismo ferrovi\u00e1rio de luxo no pa\u00eds.<\/p>\n\n\n\n<p><strong>IMPACTO ECONOMICO&nbsp;<\/strong>&#8211;&nbsp;Dados de 2023 da Ag\u00eancia de Desenvolvimento Cultural e do Turismo Sustent\u00e1vel do Litoral do Paran\u00e1 (Adetur Litoral) revelam que os turistas que utilizam o passeio injetam, em m\u00e9dia, R$ 114 milh\u00f5es por ano na regi\u00e3o de Morretes. O munic\u00edpio fica com 48% da arrecada\u00e7\u00e3o gerada em com\u00e9rcio e servi\u00e7os. Um estudo do Sebrae Nacional apontou que cada passageiro gasta, em m\u00e9dia, R$ 600 na regi\u00e3o.<\/p>\n\n\n\n<p>Se considerado essa m\u00e9dia nos 29 anos de opera\u00e7\u00e3o da Serra Verde Express, estima-se que os passageiros do trem j\u00e1 deixaram mais de R$ 3 bilh\u00f5es no litoral paranaense. Al\u00e9m disso, a empresa gera, diretamente, empregos a mais de 300 profissionais e movimenta uma cadeia de turismo que fortalece pequenas e m\u00e9dias empresas em toda a regi\u00e3o litor\u00e2nea do Paran\u00e1.<\/p>\n\n\n\n<p>AEN\/PR<\/p>\n","protected":false},"excerpt":{"rendered":"<p>A Serra Verde Express, que opera o passeio de trem ligando Curitiba at\u00e9 Morretes (Litoral), vai celebrar nesta sexta-feira (1.\u00ba) o embarque do passageiro de n\u00famero 5 milh\u00f5es, um marco hist\u00f3rico para o turismo do Paran\u00e1. O feito \u00e9 acompanhado pelo anivers\u00e1rio da operadora do passeio, que comemora seus 29 anos \u00e0 frente da condu\u00e7\u00e3o [&hellip;]<\/p>\n","protected":false},"author":2,"featured_media":78446,"comment_status":"open","ping_status":"open","sticky":false,"template":"","format":"standard","meta":{"advanced_seo_description":"","jetpack_seo_html_title":"","jetpack_seo_noindex":false,"_jetpack_memberships_contains_paid_content":false,"footnotes":""},"categories":[40],"tags":[],"class_list":{"0":"post-78445","1":"post","2":"type-post","3":"status-publish","4":"format-standard","5":"has-post-thumbnail","7":"category-destaques"},"jetpack_featured_media_url":"https:\/\/www.paranapraia.com.br\/wp-content\/uploads\/2026\/04\/creditos_serra_verde_express_4-scaled.jpg","jetpack_sharing_enabled":true,"_links":{"self":[{"href":"https:\/\/www.paranapraia.com.br\/index.php\/wp-json\/wp\/v2\/posts\/78445"}],"collection":[{"href":"https:\/\/www.paranapraia.com.br\/index.php\/wp-json\/wp\/v2\/posts"}],"about":[{"href":"https:\/\/www.paranapraia.com.br\/index.php\/wp-json\/wp\/v2\/types\/post"}],"author":[{"embeddable":true,"href":"https:\/\/www.paranapraia.com.br\/index.php\/wp-json\/wp\/v2\/users\/2"}],"replies":[{"embeddable":true,"href":"https:\/\/www.paranapraia.com.br\/index.php\/wp-json\/wp\/v2\/comments?post=78445"}],"version-history":[{"count":1,"href":"https:\/\/www.paranapraia.com.br\/index.php\/wp-json\/wp\/v2\/posts\/78445\/revisions"}],"predecessor-version":[{"id":78447,"href":"https:\/\/www.paranapraia.com.br\/index.php\/wp-json\/wp\/v2\/posts\/78445\/revisions\/78447"}],"wp:featuredmedia":[{"embeddable":true,"href":"https:\/\/www.paranapraia.com.br\/index.php\/wp-json\/wp\/v2\/media\/78446"}],"wp:attachment":[{"href":"https:\/\/www.paranapraia.com.br\/index.php\/wp-json\/wp\/v2\/media?parent=78445"}],"wp:term":[{"taxonomy":"category","embeddable":true,"href":"https:\/\/www.paranapraia.com.br\/index.php\/wp-json\/wp\/v2\/categories?post=78445"},{"taxonomy":"post_tag","embeddable":true,"href":"https:\/\/www.paranapraia.com.br\/index.php\/wp-json\/wp\/v2\/tags?post=78445"}],"curies":[{"name":"wp","href":"https:\/\/api.w.org\/{rel}","templated":true}]}}