{"id":78442,"date":"2026-04-30T13:59:51","date_gmt":"2026-04-30T16:59:51","guid":{"rendered":"https:\/\/www.paranapraia.com.br\/?p=78442"},"modified":"2026-04-30T13:59:53","modified_gmt":"2026-04-30T16:59:53","slug":"prazo-para-solicitar-isencao-da-taxa-de-inscricao-do-enem-encerra-nesta-quinta-feira","status":"publish","type":"post","link":"https:\/\/www.paranapraia.com.br\/index.php\/2026\/04\/30\/prazo-para-solicitar-isencao-da-taxa-de-inscricao-do-enem-encerra-nesta-quinta-feira\/","title":{"rendered":"Prazo para solicitar isen\u00e7\u00e3o da taxa de inscri\u00e7\u00e3o do Enem encerra nesta quinta-feira"},"content":{"rendered":"\n<p>Encerra o hoje o prazo para os candidatos que pretendem pedir a isen\u00e7\u00e3o da taxa de inscri\u00e7\u00e3o do Exame Nacional do Ensino M\u00e9dio (Enem). O per\u00edodo, que terminaria no \u00faltimo dia 24, foi prorrogado at\u00e9 esta quinta-feira (30). O pedido deve ser feito exclusivamente na&nbsp;<a href=\"https:\/\/enem.inep.gov.br\/participante\/#!\/\" target=\"_blank\" rel=\"noreferrer noopener\">P\u00e1gina do Participante<\/a>.<\/p>\n\n\n\n<p>\u201cN\u00f3s pedimos que todos os estudantes que t\u00eam direito e ainda n\u00e3o fizeram o pedido de isen\u00e7\u00e3o, corram para realizar a solicita\u00e7\u00e3o\u201d, orienta o secret\u00e1rio de Estado da Educa\u00e7\u00e3o, Roni Miranda. \u201cA isen\u00e7\u00e3o da taxa do Enem amplia a oportunidade de acesso ao Ensino Superior, que representa um caminho de transforma\u00e7\u00e3o educacional e social\u201d, completou.<\/p>\n\n\n\n<p>Para ter direito \u00e0 isen\u00e7\u00e3o, o candidato deve cumprir com alguns requisitos: estar matriculado no \u00faltimo ano do Ensino M\u00e9dio em escola p\u00fablica; ter cursado toda esta etapa do ensino em escola p\u00fablica ou como bolsista em escola privada e ter renda igual ou inferior a um sal\u00e1rio m\u00ednimo e meio; ou estar em situa\u00e7\u00e3o de vulnerabilidade socioecon\u00f4mica, com registro no Cadastro \u00danico para Programas Sociais do governo federal (Cad\u00danico).<\/p>\n\n\n\n<p>Estudantes participantes do programa P\u00e9-de-Meia tamb\u00e9m t\u00eam direito \u00e0 isen\u00e7\u00e3o. O resultado dos pedidos ser\u00e1 publicado em 13 de maio.<\/p>\n\n\n\n<p>O prazo para justificar de aus\u00eancia nos dois dias de prova do Enem em 2025 tamb\u00e9m foi prorrogado at\u00e9 esta quinta-feira, sendo condi\u00e7\u00e3o necess\u00e1ria para que o candidato possa solicitar a isen\u00e7\u00e3o este ano.<\/p>\n\n\n\n<p>O Exame Nacional do Ensino M\u00e9dio avalia o desempenho dos estudantes ao fim da educa\u00e7\u00e3o b\u00e1sica. Desde 2004, os resultados obtidos podem ser utilizados pelo estudante como forma de ingresso no ensino superior, como crit\u00e9rio \u00fanico ou complementar dos processos seletivos.<\/p>\n\n\n\n<p><strong>IMPORTANTE<\/strong>&nbsp;\u2013 A isen\u00e7\u00e3o n\u00e3o \u00e9 autom\u00e1tica. Mesmo o aluno que teve o benef\u00edcio em edi\u00e7\u00f5es anteriores precisa fazer uma nova solicita\u00e7\u00e3o dentro do prazo estabelecido. O candidato deve ficar atento tamb\u00e9m \u00e0 regularidade dos dados no Cad\u00danico, j\u00e1 que inconsist\u00eancias podem levar ao indeferimento do pedido.&nbsp;<\/p>\n\n\n\n<p><strong>ENEM PARAN\u00c1<\/strong>&nbsp;\u2013 A Secretaria de Estado da Educa\u00e7\u00e3o (Seed-PR) lan\u00e7ou, em abril do ano passado, o recurso educacional digital Enem Paran\u00e1, para auxiliar os estudantes do ensino m\u00e9dio da rede p\u00fablica na prepara\u00e7\u00e3o para o Enem e vestibulares em geral.<\/p>\n\n\n\n<p>A plataforma oferece ferramentas personaliz\u00e1veis de estudos, atendendo a diferentes estilos de aprendizagem, e pode ser acessada pelo computador ou pelo celular. Antes exclusivo para estudantes da 3\u00aa s\u00e9rie, este ano a plataforma tamb\u00e9m est\u00e1 dispon\u00edvel para alunos da 2\u00aa s\u00e9rie.<\/p>\n\n\n\n<p>AEN\/PR<\/p>\n","protected":false},"excerpt":{"rendered":"<p>Encerra o hoje o prazo para os candidatos que pretendem pedir a isen\u00e7\u00e3o da taxa de inscri\u00e7\u00e3o do Exame Nacional do Ensino M\u00e9dio (Enem). O per\u00edodo, que terminaria no \u00faltimo dia 24, foi prorrogado at\u00e9 esta quinta-feira (30). O pedido deve ser feito exclusivamente na&nbsp;P\u00e1gina do Participante. \u201cN\u00f3s pedimos que todos os estudantes que t\u00eam [&hellip;]<\/p>\n","protected":false},"author":2,"featured_media":78443,"comment_status":"open","ping_status":"open","sticky":false,"template":"","format":"standard","meta":{"advanced_seo_description":"","jetpack_seo_html_title":"","jetpack_seo_noindex":false,"_jetpack_memberships_contains_paid_content":false,"footnotes":""},"categories":[40],"tags":[],"class_list":{"0":"post-78442","1":"post","2":"type-post","3":"status-publish","4":"format-standard","5":"has-post-thumbnail","7":"category-destaques"},"jetpack_featured_media_url":"https:\/\/www.paranapraia.com.br\/wp-content\/uploads\/2026\/04\/lucas_fermin_regular-01999-scaled.jpg","jetpack_sharing_enabled":true,"_links":{"self":[{"href":"https:\/\/www.paranapraia.com.br\/index.php\/wp-json\/wp\/v2\/posts\/78442"}],"collection":[{"href":"https:\/\/www.paranapraia.com.br\/index.php\/wp-json\/wp\/v2\/posts"}],"about":[{"href":"https:\/\/www.paranapraia.com.br\/index.php\/wp-json\/wp\/v2\/types\/post"}],"author":[{"embeddable":true,"href":"https:\/\/www.paranapraia.com.br\/index.php\/wp-json\/wp\/v2\/users\/2"}],"replies":[{"embeddable":true,"href":"https:\/\/www.paranapraia.com.br\/index.php\/wp-json\/wp\/v2\/comments?post=78442"}],"version-history":[{"count":1,"href":"https:\/\/www.paranapraia.com.br\/index.php\/wp-json\/wp\/v2\/posts\/78442\/revisions"}],"predecessor-version":[{"id":78444,"href":"https:\/\/www.paranapraia.com.br\/index.php\/wp-json\/wp\/v2\/posts\/78442\/revisions\/78444"}],"wp:featuredmedia":[{"embeddable":true,"href":"https:\/\/www.paranapraia.com.br\/index.php\/wp-json\/wp\/v2\/media\/78443"}],"wp:attachment":[{"href":"https:\/\/www.paranapraia.com.br\/index.php\/wp-json\/wp\/v2\/media?parent=78442"}],"wp:term":[{"taxonomy":"category","embeddable":true,"href":"https:\/\/www.paranapraia.com.br\/index.php\/wp-json\/wp\/v2\/categories?post=78442"},{"taxonomy":"post_tag","embeddable":true,"href":"https:\/\/www.paranapraia.com.br\/index.php\/wp-json\/wp\/v2\/tags?post=78442"}],"curies":[{"name":"wp","href":"https:\/\/api.w.org\/{rel}","templated":true}]}}