{"id":78433,"date":"2026-04-30T12:22:22","date_gmt":"2026-04-30T15:22:22","guid":{"rendered":"https:\/\/www.paranapraia.com.br\/?p=78433"},"modified":"2026-04-30T12:22:24","modified_gmt":"2026-04-30T15:22:24","slug":"castracao-gratuita-matinhos-recebe-nova-etapa-do-programa-castra-parana-2-em-maio","status":"publish","type":"post","link":"https:\/\/www.paranapraia.com.br\/index.php\/2026\/04\/30\/castracao-gratuita-matinhos-recebe-nova-etapa-do-programa-castra-parana-2-em-maio\/","title":{"rendered":"Castra\u00e7\u00e3o Gratuita: Matinhos recebe nova etapa do Programa Castra+ Paran\u00e1 2 em maio"},"content":{"rendered":"\n<p>Com a campanha \u201cQuem ama, castra\u201d, o munic\u00edpio refor\u00e7a o compromisso com a sa\u00fade p\u00fablica, o bem-estar animal e o controle populacional de c\u00e3es e gatos.<\/p>\n\n\n\n<p>A Prefeitura de Matinhos anuncia uma nova etapa do programa de castra\u00e7\u00e3o gratuita de c\u00e3es e gatos para o m\u00eas de maio. A iniciativa faz parte do Castra+ Paran\u00e1 2, que oferece procedimentos 100% gratuitos com estrutura completa e equipe veterin\u00e1ria especializada, garantindo seguran\u00e7a e qualidade no atendimento aos pets da nossa cidade.<\/p>\n\n\n\n<p>As a\u00e7\u00f5es em Matinhos ser\u00e3o realizadas nos dias 27, 28, 29 e 30 de maio, na regi\u00e3o do Bom Retiro, localizado na Rua Irati, n.\u00ba 121 (antigo Fitep).<\/p>\n\n\n\n<p><strong>Quem ama, castra<\/strong><\/p>\n\n\n\n<p>A Secretaria de Meio Ambiente de Matinhos refor\u00e7a a import\u00e2ncia da campanha \u201cQuem ama, castra\u201d, destacando que a castra\u00e7\u00e3o \u00e9 uma das ferramentas mais eficazes para o controle populacional, evitando o abandono e promovendo a sa\u00fade p\u00fablica. Al\u00e9m de impedir ninhadas indesejadas, o procedimento contribui diretamente para a preven\u00e7\u00e3o de doen\u00e7as graves e melhora significativamente a qualidade de vida dos animais.<\/p>\n\n\n\n<p><strong>Como participar<\/strong><\/p>\n\n\n\n<p>Para garantir o atendimento, os tutores devem realizar o agendamento antecipado exclusivamente pelo site oficial do programa:<br>\ud83d\udc49 <a href=\"http:\/\/www.castramaisparana2.com.br\">www.castramaisparana2.com.br<\/a><\/p>\n\n\n\n<p><strong>Crit\u00e9rios de acesso:<\/strong><br>Para facilitar o atendimento \u00e0 comunidade, o programa possui regras flex\u00edveis:<\/p>\n\n\n\n<ul class=\"wp-block-list\">\n<li>N\u00e3o exige inscri\u00e7\u00e3o no Cad\u00danico;<\/li>\n\n\n\n<li>N\u00e3o h\u00e1 limite de animais por pessoa;<\/li>\n\n\n\n<li>N\u00e3o h\u00e1 restri\u00e7\u00e3o de renda.<\/li>\n<\/ul>\n\n\n\n<p><strong>Orienta\u00e7\u00f5es para o dia do procedimento<\/strong><\/p>\n\n\n\n<p>No dia da cirurgia, \u00e9 obrigat\u00f3rio que o animal esteja em jejum absoluto de 8 horas (\u00e1gua e comida). Al\u00e9m disso, \u00e9 necess\u00e1ria a presen\u00e7a do respons\u00e1vel pelo animal durante todo o processo na unidade de atendimento.<\/p>\n\n\n\n<p>Os atendimentos s\u00e3o realizados em unidades m\u00f3veis totalmente equipadas, com acompanhamento de profissionais qualificados que garantem a seguran\u00e7a do pet antes, durante e ap\u00f3s a cirurgia. A expectativa \u00e9 que um grande n\u00famero de animais seja atendido, fortalecendo as pol\u00edticas p\u00fablicas de prote\u00e7\u00e3o animal em Matinhos.<\/p>\n\n\n\n<p><strong>Servi\u00e7o:<\/strong><\/p>\n\n\n\n<ul class=\"wp-block-list\">\n<li>Evento: Programa Castra+ Paran\u00e1 2 em Matinhos.<\/li>\n\n\n\n<li>Datas: 27, 28, 29 e 30 de maio.<\/li>\n\n\n\n<li>Local: Rua Irati, 121 \u2013 Bom Retiro (antigo Fitep).<\/li>\n\n\n\n<li>Agendamentos: <a href=\"http:\/\/www.castramaisparana2.com.br\">www.castramaisparana2.com.br<\/a><\/li>\n<\/ul>\n\n\n\n<p><strong>Comunica\u00e7\u00e3o \/ Prefeitura de Matinhos<\/strong><\/p>\n","protected":false},"excerpt":{"rendered":"<p>Com a campanha \u201cQuem ama, castra\u201d, o munic\u00edpio refor\u00e7a o compromisso com a sa\u00fade p\u00fablica, o bem-estar animal e o controle populacional de c\u00e3es e gatos. A Prefeitura de Matinhos anuncia uma nova etapa do programa de castra\u00e7\u00e3o gratuita de c\u00e3es e gatos para o m\u00eas de maio. A iniciativa faz parte do Castra+ Paran\u00e1 [&hellip;]<\/p>\n","protected":false},"author":2,"featured_media":78434,"comment_status":"open","ping_status":"open","sticky":false,"template":"","format":"standard","meta":{"advanced_seo_description":"","jetpack_seo_html_title":"","jetpack_seo_noindex":false,"_jetpack_memberships_contains_paid_content":false,"footnotes":""},"categories":[88],"tags":[],"class_list":{"0":"post-78433","1":"post","2":"type-post","3":"status-publish","4":"format-standard","5":"has-post-thumbnail","7":"category-matinhos"},"jetpack_featured_media_url":"https:\/\/www.paranapraia.com.br\/wp-content\/uploads\/2026\/04\/WhatsApp-Image-2026-04-30-at-11.46.19.jpeg","jetpack_sharing_enabled":true,"_links":{"self":[{"href":"https:\/\/www.paranapraia.com.br\/index.php\/wp-json\/wp\/v2\/posts\/78433"}],"collection":[{"href":"https:\/\/www.paranapraia.com.br\/index.php\/wp-json\/wp\/v2\/posts"}],"about":[{"href":"https:\/\/www.paranapraia.com.br\/index.php\/wp-json\/wp\/v2\/types\/post"}],"author":[{"embeddable":true,"href":"https:\/\/www.paranapraia.com.br\/index.php\/wp-json\/wp\/v2\/users\/2"}],"replies":[{"embeddable":true,"href":"https:\/\/www.paranapraia.com.br\/index.php\/wp-json\/wp\/v2\/comments?post=78433"}],"version-history":[{"count":1,"href":"https:\/\/www.paranapraia.com.br\/index.php\/wp-json\/wp\/v2\/posts\/78433\/revisions"}],"predecessor-version":[{"id":78435,"href":"https:\/\/www.paranapraia.com.br\/index.php\/wp-json\/wp\/v2\/posts\/78433\/revisions\/78435"}],"wp:featuredmedia":[{"embeddable":true,"href":"https:\/\/www.paranapraia.com.br\/index.php\/wp-json\/wp\/v2\/media\/78434"}],"wp:attachment":[{"href":"https:\/\/www.paranapraia.com.br\/index.php\/wp-json\/wp\/v2\/media?parent=78433"}],"wp:term":[{"taxonomy":"category","embeddable":true,"href":"https:\/\/www.paranapraia.com.br\/index.php\/wp-json\/wp\/v2\/categories?post=78433"},{"taxonomy":"post_tag","embeddable":true,"href":"https:\/\/www.paranapraia.com.br\/index.php\/wp-json\/wp\/v2\/tags?post=78433"}],"curies":[{"name":"wp","href":"https:\/\/api.w.org\/{rel}","templated":true}]}}