{"id":78427,"date":"2026-04-30T12:18:33","date_gmt":"2026-04-30T15:18:33","guid":{"rendered":"https:\/\/www.paranapraia.com.br\/?p=78427"},"modified":"2026-04-30T12:18:35","modified_gmt":"2026-04-30T15:18:35","slug":"feriado-do-dia-do-trabalhador-e-uma-oportunidade-para-curtir-a-natureza-do-parana","status":"publish","type":"post","link":"https:\/\/www.paranapraia.com.br\/index.php\/2026\/04\/30\/feriado-do-dia-do-trabalhador-e-uma-oportunidade-para-curtir-a-natureza-do-parana\/","title":{"rendered":"Feriado do Dia do Trabalhador \u00e9 uma oportunidade para curtir a natureza do Paran\u00e1"},"content":{"rendered":"\n<p>Para quem gosta da natureza, o Paran\u00e1 oferece um card\u00e1pio com 28 Unidades de Conserva\u00e7\u00e3o (UCs) em pleno funcionamento durante o feriado do Dia do Trabalhador, nesta sexta-feira (1\u00ba). O conjunto \u00e9 complementado por mais dois complexos ambientais, o Jardim Bot\u00e2nico de Londrina, no Norte do Paran\u00e1, e o Aqu\u00e1rio de Paranagu\u00e1, no Litoral.<\/p>\n\n\n\n<p>Apenas o Parque Estadual Serra da Baitaca, entre os munic\u00edpios de Piraquara e Quatro Barras, na Regi\u00e3o Metropolitana de Curitiba, vai funcionar parcialmente em raz\u00e3o da celebra\u00e7\u00e3o da\u00a0Missa da Paz no Morro do Samambaia. Nas demais UCs, os hor\u00e1rios seguem o padr\u00e3o habitual de cada espa\u00e7o e podem ser consultados no\u00a0site do Instituto \u00c1gua e Terra (IAT),\u00a0autarquia vinculada \u00e0 Secretaria de Estado do Desenvolvimento Sustent\u00e1vel (Sedest) e respons\u00e1vel pelos espa\u00e7os.<\/p>\n\n\n\n<p>H\u00e1 op\u00e7\u00f5es para os mais variados gostos. O Parque Estadual da Cabe\u00e7a do Cachorro, em S\u00e3o Pedro do Igua\u00e7u, e Parque Estadual de S\u00e3o Camilo, em Palotina, s\u00e3o op\u00e7\u00f5es para quem busca por trilhas na regi\u00e3o Oeste do Estado.<\/p>\n\n\n\n<p>No Litoral, a Ilha do Mel e o Aqu\u00e1rio de Paranagu\u00e1 s\u00e3o propostas diferentes de lazer para o feriado prolongado. O Aqu\u00e1rio mistura divers\u00e3o, educa\u00e7\u00e3o ambiental e muito conhecimento sobre a vida marinha. Al\u00e9m dos animais nativos, \u00e9 poss\u00edvel conhecer tamb\u00e9m esp\u00e9cies ex\u00f3ticas como o tubar\u00e3o-bambu, encontrado na \u00c1sia, al\u00e9m de uma infinidade de diferentes raias, pinguins e jacar\u00e9. J\u00e1 a Ilha \u00e9 indicada para quem curte areia, mar e conserva\u00e7\u00e3o ambiental.<\/p>\n\n\n\n<p>Nos Campos Gerais, as indica\u00e7\u00f5es s\u00e3o o Parque Estadual do Guartel\u00e1, com um dos maiores c\u00e2nions do Brasil, em Tibagi, e o Parque Estadual de Vila Velha, Ponta Grossa, recentemente reconhecido como\u00a0Patrim\u00f4nio Hist\u00f3rico e Cultural do Paran\u00e1\u00a0em raz\u00e3o forma\u00e7\u00f5es geol\u00f3gicas \u00fanicas.<\/p>\n\n\n\n<p>J\u00e1 os f\u00e3s de cachoeiras encontram no Parque Estadual Salto S\u00e3o Francisco, nos munic\u00edpios de Guarapuava, Prudent\u00f3polis e Turvo, no Centro-Sul do Paran\u00e1, a maior queda d\u2019\u00e1gua da regi\u00e3o Sul do Brasil, com impressionantes 196 metros de altura. O Parque Estadual Vale do Cod\u00f3, em Jaguaria\u00edva, nos Campos Gerais, encanta visitantes com a Cachoeira V\u00e9u da Noiva, localizada nas proximidades do Lago Azul, formando um mosaico de grande beleza natural.<\/p>\n\n\n\n<p>No Norte, os destaques s\u00e3o as Unidades de Conserva\u00e7\u00e3o Ibicatu, em Centen\u00e1rio do Sul; Ibipor\u00e3, em Ibipor\u00e3; e Mata dos Godoy, em Londrina.<\/p>\n\n\n\n<p>AEN\/PR<\/p>\n","protected":false},"excerpt":{"rendered":"<p>Para quem gosta da natureza, o Paran\u00e1 oferece um card\u00e1pio com 28 Unidades de Conserva\u00e7\u00e3o (UCs) em pleno funcionamento durante o feriado do Dia do Trabalhador, nesta sexta-feira (1\u00ba). O conjunto \u00e9 complementado por mais dois complexos ambientais, o Jardim Bot\u00e2nico de Londrina, no Norte do Paran\u00e1, e o Aqu\u00e1rio de Paranagu\u00e1, no Litoral. Apenas [&hellip;]<\/p>\n","protected":false},"author":2,"featured_media":78428,"comment_status":"open","ping_status":"open","sticky":false,"template":"","format":"standard","meta":{"advanced_seo_description":"","jetpack_seo_html_title":"","jetpack_seo_noindex":false,"_jetpack_memberships_contains_paid_content":false,"footnotes":""},"categories":[40],"tags":[],"class_list":{"0":"post-78427","1":"post","2":"type-post","3":"status-publish","4":"format-standard","5":"has-post-thumbnail","7":"category-destaques"},"jetpack_featured_media_url":"https:\/\/www.paranapraia.com.br\/wp-content\/uploads\/2026\/04\/jardim_021-scaled.jpg","jetpack_sharing_enabled":true,"_links":{"self":[{"href":"https:\/\/www.paranapraia.com.br\/index.php\/wp-json\/wp\/v2\/posts\/78427"}],"collection":[{"href":"https:\/\/www.paranapraia.com.br\/index.php\/wp-json\/wp\/v2\/posts"}],"about":[{"href":"https:\/\/www.paranapraia.com.br\/index.php\/wp-json\/wp\/v2\/types\/post"}],"author":[{"embeddable":true,"href":"https:\/\/www.paranapraia.com.br\/index.php\/wp-json\/wp\/v2\/users\/2"}],"replies":[{"embeddable":true,"href":"https:\/\/www.paranapraia.com.br\/index.php\/wp-json\/wp\/v2\/comments?post=78427"}],"version-history":[{"count":1,"href":"https:\/\/www.paranapraia.com.br\/index.php\/wp-json\/wp\/v2\/posts\/78427\/revisions"}],"predecessor-version":[{"id":78429,"href":"https:\/\/www.paranapraia.com.br\/index.php\/wp-json\/wp\/v2\/posts\/78427\/revisions\/78429"}],"wp:featuredmedia":[{"embeddable":true,"href":"https:\/\/www.paranapraia.com.br\/index.php\/wp-json\/wp\/v2\/media\/78428"}],"wp:attachment":[{"href":"https:\/\/www.paranapraia.com.br\/index.php\/wp-json\/wp\/v2\/media?parent=78427"}],"wp:term":[{"taxonomy":"category","embeddable":true,"href":"https:\/\/www.paranapraia.com.br\/index.php\/wp-json\/wp\/v2\/categories?post=78427"},{"taxonomy":"post_tag","embeddable":true,"href":"https:\/\/www.paranapraia.com.br\/index.php\/wp-json\/wp\/v2\/tags?post=78427"}],"curies":[{"name":"wp","href":"https:\/\/api.w.org\/{rel}","templated":true}]}}