{"id":78424,"date":"2026-04-30T12:16:03","date_gmt":"2026-04-30T15:16:03","guid":{"rendered":"https:\/\/www.paranapraia.com.br\/?p=78424"},"modified":"2026-04-30T12:16:06","modified_gmt":"2026-04-30T15:16:06","slug":"acabamentos-finais-falta-um-dia-para-a-inauguracao-da-ponte-de-guaratuba","status":"publish","type":"post","link":"https:\/\/www.paranapraia.com.br\/index.php\/2026\/04\/30\/acabamentos-finais-falta-um-dia-para-a-inauguracao-da-ponte-de-guaratuba\/","title":{"rendered":"Acabamentos finais: falta um dia para a inaugura\u00e7\u00e3o da Ponte de Guaratuba"},"content":{"rendered":"\n<p>A espera de 40 anos est\u00e1 chegando ao fim. Falta apenas um dia para a inaugura\u00e7\u00e3o da Ponte de Guaratuba, que ser\u00e1 entregue \u00e0 popula\u00e7\u00e3o pelo governador Carlos Massa Ratinho Junior no fim da tarde desta sexta-feira (1\u00ba). Dois anos ap\u00f3s a implanta\u00e7\u00e3o da primeira estaca, a estrutura que conecta Guaratuba a Matinhos, no Litoral do Paran\u00e1, dar\u00e1 fim \u00e0 travessia com o ferry boat pela Ba\u00eda de Guaratuba.<\/p>\n\n\n\n<p>Al\u00e9m da cerim\u00f4nia oficial com autoridades, a inaugura\u00e7\u00e3o da obra, batizada oficialmente de Ponte da Vit\u00f3ria, tamb\u00e9m vai contar com um show de drones e fogos de artif\u00edcio. No s\u00e1bado (2) e domingo (3), a Ponte de Guaratuba estar\u00e1 no itiner\u00e1rio da Maratona Internacional do Paran\u00e1 (MIP), que deve reunir cerca de 20 mil atletas. A libera\u00e7\u00e3o do tr\u00e1fego de ve\u00edculos vai acontecer no domingo, \u00e0s 13h, ap\u00f3s o encerramento da maratona.<\/p>\n\n\n\n<p>Nesta quinta-feira (30) que antecede o grande momento h\u00e1 trabalhos apenas de acabamentos. A sinaliza\u00e7\u00e3o e a instala\u00e7\u00e3o de guarda-corpos e barreiras j\u00e1 foi foram conclu\u00eddas, assim como as ciclovias e cal\u00e7adas, al\u00e9m das al\u00e7as de acesso nos dois lados. Tamb\u00e9m est\u00e1 em fase final de acabamento o paisagismo com plantio de gramas, a ilumina\u00e7\u00e3o e a prepara\u00e7\u00e3o da estrutura para o transporte definitivo de ve\u00edculos.<\/p>\n\n\n\n<p>Com investimento de mais de R$ 400 milh\u00f5es do Governo do Estado, a obra ficou sob responsabilidade do Departamento de Estrada de Rodagens do Paran\u00e1 (DER\/PR), autarquia da Secretaria de Estado de Infraestrutura e Log\u00edstica (SEIL), e foi executada pelo Cons\u00f3rcio Nova Ponte.<\/p>\n\n\n\n<p>A Ponte de Guaratuba \u00e9 uma das principais obras de infraestrutura do Paran\u00e1 e conta com 1.240 metros de extens\u00e3o, com quatro faixas de tr\u00e1fego, duas faixas de seguran\u00e7a em cada sentido, cal\u00e7adas com ciclovia e guarda-corpos. Contando com os acessos na PR-412, a obra compreende cerca de 3 quil\u00f4metros ao todo.<\/p>\n\n\n\n<p>AEN\/PR<\/p>\n","protected":false},"excerpt":{"rendered":"<p>A espera de 40 anos est\u00e1 chegando ao fim. Falta apenas um dia para a inaugura\u00e7\u00e3o da Ponte de Guaratuba, que ser\u00e1 entregue \u00e0 popula\u00e7\u00e3o pelo governador Carlos Massa Ratinho Junior no fim da tarde desta sexta-feira (1\u00ba). Dois anos ap\u00f3s a implanta\u00e7\u00e3o da primeira estaca, a estrutura que conecta Guaratuba a Matinhos, no Litoral [&hellip;]<\/p>\n","protected":false},"author":2,"featured_media":78425,"comment_status":"open","ping_status":"open","sticky":false,"template":"","format":"standard","meta":{"advanced_seo_description":"","jetpack_seo_html_title":"","jetpack_seo_noindex":false,"_jetpack_memberships_contains_paid_content":false,"footnotes":""},"categories":[40,99],"tags":[],"class_list":{"0":"post-78424","1":"post","2":"type-post","3":"status-publish","4":"format-standard","5":"has-post-thumbnail","7":"category-destaques","8":"category-guaratuba"},"jetpack_featured_media_url":"https:\/\/www.paranapraia.com.br\/wp-content\/uploads\/2026\/04\/20260430_agb_ponte_de_guaratuba-14-scaled.jpg","jetpack_sharing_enabled":true,"_links":{"self":[{"href":"https:\/\/www.paranapraia.com.br\/index.php\/wp-json\/wp\/v2\/posts\/78424"}],"collection":[{"href":"https:\/\/www.paranapraia.com.br\/index.php\/wp-json\/wp\/v2\/posts"}],"about":[{"href":"https:\/\/www.paranapraia.com.br\/index.php\/wp-json\/wp\/v2\/types\/post"}],"author":[{"embeddable":true,"href":"https:\/\/www.paranapraia.com.br\/index.php\/wp-json\/wp\/v2\/users\/2"}],"replies":[{"embeddable":true,"href":"https:\/\/www.paranapraia.com.br\/index.php\/wp-json\/wp\/v2\/comments?post=78424"}],"version-history":[{"count":1,"href":"https:\/\/www.paranapraia.com.br\/index.php\/wp-json\/wp\/v2\/posts\/78424\/revisions"}],"predecessor-version":[{"id":78426,"href":"https:\/\/www.paranapraia.com.br\/index.php\/wp-json\/wp\/v2\/posts\/78424\/revisions\/78426"}],"wp:featuredmedia":[{"embeddable":true,"href":"https:\/\/www.paranapraia.com.br\/index.php\/wp-json\/wp\/v2\/media\/78425"}],"wp:attachment":[{"href":"https:\/\/www.paranapraia.com.br\/index.php\/wp-json\/wp\/v2\/media?parent=78424"}],"wp:term":[{"taxonomy":"category","embeddable":true,"href":"https:\/\/www.paranapraia.com.br\/index.php\/wp-json\/wp\/v2\/categories?post=78424"},{"taxonomy":"post_tag","embeddable":true,"href":"https:\/\/www.paranapraia.com.br\/index.php\/wp-json\/wp\/v2\/tags?post=78424"}],"curies":[{"name":"wp","href":"https:\/\/api.w.org\/{rel}","templated":true}]}}